{"id":2526,"date":"2025-04-23T13:21:16","date_gmt":"2025-04-23T11:21:16","guid":{"rendered":"https:\/\/wordpress.nibis.de\/leine85\/?p=2526"},"modified":"2025-04-23T13:22:30","modified_gmt":"2025-04-23T11:22:30","slug":"spaeterer-schulstart-wichtig-oder-nichtig","status":"publish","type":"post","link":"https:\/\/wordpress.nibis.de\/leine85\/spaeterer-schulstart-wichtig-oder-nichtig\/","title":{"rendered":"Sp\u00e4terer Schulstart \u2014 wichtig oder nichtig?"},"content":{"rendered":"<p style=\"text-align: center\">Morgens, 7:45 Uhr, Schulbeginn an der KGS. Doch so richtig wach ist noch niemand. Schon nach ein paar Minuten Unterricht fallen den Ersten schon wieder die Augen zu. So richtig konzentrieren k\u00f6nnen sich die Meisten um die Uhrzeit auch noch nicht. Doch warum l\u00e4sst man dann nicht einfach die Schule sp\u00e4ter beginnen, wie das in mehreren Bundesl\u00e4ndern schon ausprobiert wurde? Oder m\u00fcssen einfach die Sch\u00fcler fr\u00fcher ins Bett gehen, wodurch sie dann morgens ausgeschlafener sind?<\/p>\n<p>Warum fordern \u00fcberhaupt viele einen sp\u00e4teren Schulstart?<br \/>\nLaut neuesten Studien leiden knapp ein Viertel der 11\u201417-j\u00e4hrigen in Deutschland an Schlafschwierigkeiten (Robert Koch Institut 2022). Doch genau diesen einen Grund, warum das so ist, gibt es nicht. Eine Ursache k\u00f6nnte die Unterdr\u00fcckung des Schlafhormons Melatonin sein. Dieses geschieht dadurch, dass blaues Bildschirmlicht den Jugendlichen zu sp\u00e4ter Stunde noch von Smartphones oder Tabletts entgegenleuchtet. Aber auch biologische Ver\u00e4nderungen k\u00f6nnen ein h\u00e4ufiger Grund f\u00fcr Schlafschwierigkeiten sein. Es sollte aber auch beachtet werden, dass die innere biologische Uhr sich im Laufe der Jahre von Lerche (fr\u00fcher wach, fr\u00fcher m\u00fcde) zu Eule (sp\u00e4ter wach,sp\u00e4ter m\u00fcde) entwickeln kann.<\/p>\n<h3 class=\"\" data-start=\"712\" data-end=\"765\"><strong data-start=\"716\" data-end=\"763\">Pro-Argumente f\u00fcr einen sp\u00e4teren Schulstart<\/strong><\/h3>\n<ol data-start=\"767\" data-end=\"2670\">\n<li class=\"\" data-start=\"767\" data-end=\"1397\">\n<p class=\"\" data-start=\"770\" data-end=\"1397\"><strong data-start=\"770\" data-end=\"818\">Bessere Konzentration und Leistungsf\u00e4higkeit<\/strong><br data-start=\"818\" data-end=\"821\" \/>Zahlreiche Studien zeigen, dass der Schlafrhythmus von Jugendlichen sich biologisch ver\u00e4ndert. W\u00e4hrend Kinder oft fr\u00fch einschlafen und fr\u00fch aufwachen, verschiebt sich die innere Uhr bei Jugendlichen nach hinten. Das bedeutet, dass sie abends sp\u00e4ter m\u00fcde werden und morgens l\u00e4nger Schlaf brauchen, um sich ausgeruht zu f\u00fchlen. Da die Schule oft schon um 7 oder 8 Uhr beginnt, f\u00e4llt es vielen schwer, sich in den ersten Stunden zu konzentrieren. Ein sp\u00e4terer Schulbeginn k\u00f6nnte daf\u00fcr sorgen, dass Sch\u00fcler wacher sind und sich besser auf den Unterricht konzentrieren k\u00f6nnen.<\/p>\n<\/li>\n<li class=\"\" data-start=\"1399\" data-end=\"1815\">\n<p class=\"\" data-start=\"1402\" data-end=\"1815\"><strong data-start=\"1402\" data-end=\"1438\">Weniger gesundheitliche Probleme<\/strong><br data-start=\"1438\" data-end=\"1441\" \/>Schlafmangel kann ernsthafte gesundheitliche Folgen haben. Zu wenig Schlaf f\u00fchrt nicht nur zu M\u00fcdigkeit, sondern kann auch Stress, Kopfschmerzen, ein geschw\u00e4chtes Immunsystem und sogar depressive Verstimmungen verursachen. Wenn Sch\u00fcler die M\u00f6glichkeit h\u00e4tten, morgens l\u00e4nger zu schlafen, k\u00f6nnte sich das positiv auf ihre k\u00f6rperliche und psychische Gesundheit auswirken.<\/p>\n<\/li>\n<li class=\"\" data-start=\"1817\" data-end=\"2235\">\n<p class=\"\" data-start=\"1820\" data-end=\"2235\"><strong data-start=\"1820\" data-end=\"1860\">Mehr Motivation und bessere Stimmung<\/strong><br data-start=\"1860\" data-end=\"1863\" \/>Wer morgens ausgeschlafen ist, startet in den Tag mit mehr Energie und einer besseren Laune. Ein sp\u00e4terer Schulbeginn k\u00f6nnte dazu f\u00fchren, dass Sch\u00fcler nicht mehr m\u00fcde und lustlos in den Unterricht kommen, sondern motivierter und aufmerksamer sind. Das k\u00f6nnte sich positiv auf die gesamte Lernatmosph\u00e4re in der Schule auswirken und sogar bessere Noten zur Folge haben.<\/p>\n<\/li>\n<li class=\"\" data-start=\"2237\" data-end=\"2670\">\n<p class=\"\" data-start=\"2240\" data-end=\"2670\"><strong data-start=\"2240\" data-end=\"2278\">Bessere langfristige Lernf\u00e4higkeit<\/strong><br data-start=\"2278\" data-end=\"2281\" \/>Studien zeigen, dass das Gehirn nach ausreichend Schlaf besser in der Lage ist, Informationen aufzunehmen und zu verarbeiten. Wenn Sch\u00fcler ausgeschlafen sind, k\u00f6nnten sie neue Lerninhalte schneller erfassen und sich langfristig besser merken. Ein sp\u00e4terer Schulstart k\u00f6nnte also nicht nur die Konzentration im Unterricht verbessern, sondern auch das Lernen insgesamt effektiver machen.<\/p>\n<\/li>\n<\/ol>\n<h3 class=\"\" data-start=\"2672\" data-end=\"2730\"><strong data-start=\"2676\" data-end=\"2728\">Contra-Argumente gegen einen sp\u00e4teren Schulstart<\/strong><\/h3>\n<ol data-start=\"2732\" data-end=\"4414\">\n<li class=\"\" data-start=\"2732\" data-end=\"3102\">\n<p class=\"\" data-start=\"2735\" data-end=\"3102\"><strong data-start=\"2735\" data-end=\"2775\">Weniger Zeit f\u00fcr Hobbys und Freizeit<\/strong><br data-start=\"2775\" data-end=\"2778\" \/>Wenn die Schule sp\u00e4ter beginnt, endet sie auch sp\u00e4ter. Das h\u00e4tte zur Folge, dass Sch\u00fcler nachmittags weniger Zeit f\u00fcr ihre Hobbys, Sportvereine oder Freizeitaktivit\u00e4ten h\u00e4tten. Auch Hausaufgaben m\u00fcssten dann sp\u00e4ter erledigt werden, was wiederum dazu f\u00fchren k\u00f6nnte, dass Sch\u00fcler am Abend weniger Zeit f\u00fcr Erholung haben.<\/p>\n<\/li>\n<li class=\"\" data-start=\"3104\" data-end=\"3605\">\n<p class=\"\" data-start=\"3107\" data-end=\"3605\"><strong data-start=\"3107\" data-end=\"3162\">Probleme mit dem Schulbus und dem Alltag der Eltern<\/strong><br data-start=\"3162\" data-end=\"3165\" \/>Viele Sch\u00fcler sind auf Schulbusse angewiesen, die oft auch von j\u00fcngeren Sch\u00fclern genutzt werden. Ein sp\u00e4terer Schulstart k\u00f6nnte zu Problemen in der Organisation des Schultransports f\u00fchren. Zudem m\u00fcssten sich Eltern darauf einstellen, dass ihre Kinder sp\u00e4ter zur Schule gehen und sp\u00e4ter nach Hause kommen. F\u00fcr viele berufst\u00e4tige Eltern w\u00e4re das eine gro\u00dfe Herausforderung, da sie ihre Arbeitszeiten m\u00f6glicherweise nicht anpassen k\u00f6nnten.<\/p>\n<\/li>\n<li class=\"\" data-start=\"3607\" data-end=\"4001\">\n<p class=\"\" data-start=\"3610\" data-end=\"4001\"><strong data-start=\"3610\" data-end=\"3672\">Kein echter Zeitgewinn durch ver\u00e4nderte Schlafgewohnheiten<\/strong><br data-start=\"3672\" data-end=\"3675\" \/>Kritiker argumentieren, dass ein sp\u00e4terer Schulstart m\u00f6glicherweise gar nicht zu mehr Schlaf f\u00fchren w\u00fcrde. Viele Jugendliche w\u00fcrden dann einfach sp\u00e4ter ins Bett gehen, weil sie wissen, dass sie am n\u00e4chsten Morgen l\u00e4nger schlafen k\u00f6nnen. Das k\u00f6nnte dazu f\u00fchren, dass sich an ihrem Schlafmangel letztlich gar nichts \u00e4ndert.<\/p>\n<\/li>\n<li class=\"\" data-start=\"4003\" data-end=\"4414\">\n<p class=\"\" data-start=\"4006\" data-end=\"4414\"><strong data-start=\"4006\" data-end=\"4036\">Verl\u00e4ngerung des Schultags<\/strong><br data-start=\"4036\" data-end=\"4039\" \/>Wenn der Unterricht sp\u00e4ter beginnt, verschiebt sich der gesamte Tagesablauf. Der Nachmittagsunterricht w\u00fcrde sp\u00e4ter stattfinden, und Klausuren oder Nachmittagsangebote m\u00fcssten ebenfalls nach hinten verschoben werden. Das k\u00f6nnte dazu f\u00fchren, dass Sch\u00fcler nach der Schule kaum noch Freizeit haben und m\u00f6glicherweise weniger Zeit mit Familie und Freunden verbringen k\u00f6nnten.<\/p>\n<\/li>\n<\/ol>\n<h3 class=\"\" data-start=\"4416\" data-end=\"4431\"><strong data-start=\"4420\" data-end=\"4429\">Fazit<\/strong><\/h3>\n<p class=\"\" data-start=\"4433\" data-end=\"4793\">Die Idee eines sp\u00e4teren Schulstarts hat sowohl Vor- als auch Nachteile. Einerseits k\u00f6nnten sich Sch\u00fcler durch mehr Schlaf besser konzentrieren, gesundheitliche Probleme vermeiden und langfristig bessere Leistungen erbringen. Andererseits k\u00f6nnte ein sp\u00e4terer Schulbeginn organisatorische Probleme verursachen und die Freizeitgestaltung der Sch\u00fcler erschweren.<\/p>\n<p class=\"\" data-start=\"4795\" data-end=\"5253\">Letztendlich h\u00e4ngt die Sinnhaftigkeit eines sp\u00e4teren Schulbeginns davon ab, wie er umgesetzt wird und ob Sch\u00fcler tats\u00e4chlich mehr schlafen w\u00fcrden. Eine Alternative k\u00f6nnte sein, den Unterrichtsbeginn flexibler zu gestalten oder bestimmte F\u00e4cher, die eine hohe Konzentration erfordern, erst sp\u00e4ter am Tag anzusetzen. Die Debatte \u00fcber dieses Thema zeigt, dass es keine einfache L\u00f6sung gibt \u2013 es bleibt eine Frage der Priorit\u00e4ten und der praktischen Umsetzung.<\/p>\n<p><span style=\"font-size: 8pt\">Quelle 1: <\/span><br \/>\n<span style=\"font-size: 8pt\">https:\/\/www.campus-schulmanagement.de\/magazin\/warum-ein-spaeterer-schulbeginn-viele-vorteile-bietet-und-doch-kaum-umgesetzt-wird-michael-klitzsch?tx_web2pdf_pi1%5Baction%5D=generatePdfLink&amp;tx_web2pdf_pi1%5Bargument%5D=printPage&amp;tx_web2pdf_pi1%5Bcontroller%5D=Pdf&amp;cHash=d2226df4d7c9adfdf819989cf6f6febb<\/span><\/p>\n<p><span style=\"font-size: 8pt\">Quelle 2:<br \/>\n<\/span><span style=\"font-size: 8pt\">https:\/\/www.zdf.de\/nachrichten\/wissen\/spaeterer-unterrichtsbeginn-schulstart-schulbeginn-pubertaet-100.html<\/span><\/p>\n","protected":false},"excerpt":{"rendered":"<p>Morgens, 7:45 Uhr, Schulbeginn an der KGS. Doch so richtig wach ist noch niemand. Schon nach ein paar Minuten Unterricht fallen den Ersten schon wieder die Augen zu. So richtig konzentrieren k\u00f6nnen sich die Meisten um die Uhrzeit auch noch nicht. Doch warum l\u00e4sst man dann nicht einfach die Schule sp\u00e4ter beginnen, wie das in [&hellip;]<\/p>\n","protected":false},"author":9194062,"featured_media":2541,"comment_status":"open","ping_status":"closed","sticky":false,"template":"","format":"standard","meta":{"footnotes":""},"categories":[277,1],"tags":[],"class_list":["post-2526","post","type-post","status-publish","format-standard","has-post-thumbnail","hentry","category-kgs-kommentar","category-schule"],"_links":{"self":[{"href":"https:\/\/wordpress.nibis.de\/leine85\/wp-json\/wp\/v2\/posts\/2526","targetHints":{"allow":["GET"]}}],"collection":[{"href":"https:\/\/wordpress.nibis.de\/leine85\/wp-json\/wp\/v2\/posts"}],"about":[{"href":"https:\/\/wordpress.nibis.de\/leine85\/wp-json\/wp\/v2\/types\/post"}],"author":[{"embeddable":true,"href":"https:\/\/wordpress.nibis.de\/leine85\/wp-json\/wp\/v2\/users\/9194062"}],"replies":[{"embeddable":true,"href":"https:\/\/wordpress.nibis.de\/leine85\/wp-json\/wp\/v2\/comments?post=2526"}],"version-history":[{"count":8,"href":"https:\/\/wordpress.nibis.de\/leine85\/wp-json\/wp\/v2\/posts\/2526\/revisions"}],"predecessor-version":[{"id":2543,"href":"https:\/\/wordpress.nibis.de\/leine85\/wp-json\/wp\/v2\/posts\/2526\/revisions\/2543"}],"wp:featuredmedia":[{"embeddable":true,"href":"https:\/\/wordpress.nibis.de\/leine85\/wp-json\/wp\/v2\/media\/2541"}],"wp:attachment":[{"href":"https:\/\/wordpress.nibis.de\/leine85\/wp-json\/wp\/v2\/media?parent=2526"}],"wp:term":[{"taxonomy":"category","embeddable":true,"href":"https:\/\/wordpress.nibis.de\/leine85\/wp-json\/wp\/v2\/categories?post=2526"},{"taxonomy":"post_tag","embeddable":true,"href":"https:\/\/wordpress.nibis.de\/leine85\/wp-json\/wp\/v2\/tags?post=2526"}],"curies":[{"name":"wp","href":"https:\/\/api.w.org\/{rel}","templated":true}]}}