{"id":292,"date":"2018-10-14T20:43:55","date_gmt":"2018-10-14T18:43:55","guid":{"rendered":"http:\/\/wordpress.nibis.de\/leine85\/?p=292"},"modified":"2018-10-14T20:43:55","modified_gmt":"2018-10-14T18:43:55","slug":"berlin-now","status":"publish","type":"post","link":"https:\/\/wordpress.nibis.de\/leine85\/berlin-now\/","title":{"rendered":"Berlin NOW"},"content":{"rendered":"<p><span style=\"font-size: 18pt\"><strong>Die Klassenfahrt der 10G2 nach Berlin<\/strong><\/span><\/p>\n<p style=\"text-align: justify\"><strong>In der Klassenfahrtswoche vom 03.09.2018 bis 07.09.2018 fuhren einige Klassen des 10. Jahrgangs nach Berlin, darunter auch 17 Sch\u00fclerinnen und Sch\u00fcler der Klasse 10G2 sowie zwei Lehrkr\u00e4fte und eine Schulbegleitung, um Berlins historische, politische, aber auch kulturelle Seiten kennenzulernen.<\/strong><\/p>\n<p style=\"text-align: justify\">Nach der Ankunft im A&amp;O Hostel Berlin Friedrichshain fuhren wir mit der U-Bahn in die Knaackstra\u00dfe 97, um von dort mit dem Rad \u201eBerlin on Bike\u201c zu erkunden. <em>Genauer gesagt: <\/em>Wir erhielten eine Schilderung der Ereignisse rund um die Berliner Mauer durch einen ortskundigen Zeitzeugen.<\/p>\n<p style=\"text-align: justify\">Im Gegenzug dazu durften wir am Dienstag Berlin mit den \u00f6ffentlichen Verkehrsmitteln erkunden, darunter waren Sehensw\u00fcrdigkeiten wie der \u201eAlex\u201c, der Potsdamer Platz, der Berliner Dom und die Kaiser-Wilhelm-Ged\u00e4chtniskirche. Im Anschluss besichtigten wir den Reichstag, Sitz des Deutschen Bundestages. Am Abend erlebten wir schlie\u00dflich eine etwas andere Stadtf\u00fchrung, organisiert durch den Verein \u201eBerliner Unterwelten\u201c: Wir hatten die M\u00f6glichkeit, die unterirdischen Anlagen Berlins zu besichtigen. Dabei gew\u00e4hrten uns Mitarbeiter des \u201eBerliner Unterwelten e. V.\u201c Einblicke in die Bunkeranlagen des Kalten Krieges.<\/p>\n<p style=\"text-align: justify\">Am Mittwochmorgen fuhren wir mit der Bahn zum Brandenburger Tor, um von dort aus zum Holocaust-Mahnmal\u00b9 zu laufen. Als wir bleibende Eindr\u00fccke gesammelt hatten, bekamen wir zun\u00e4chst ein wenig Zeit zur freien Verf\u00fcgung. Darauf folgte eine ausf\u00fchrliche Besichtigung des Staatssicherheitsgef\u00e4ngnisses in Hohensch\u00f6nhausen, welche bleibenden Eindruck bei uns hinterlassen hat. Emotionalisiert von den Geschehnissen diskutierten viele Mitsch\u00fcler noch auf der Heimfahrt \u00fcber den Umgang mit politisch Andersdenkenden in der DDR. <em>Und:<\/em> Das Buch \u201eDie Schleife an Stalins Bart\u201c von Erika Riemann blieb f\u00fcr manche nicht nur blo\u00dfe Empfehlung. Am Abend folgte ein Besuch in dem bekannten Nachtclub \u201eMatrix\u201c.<\/p>\n<p style=\"text-align: justify\">Bevor es am Freitag wieder Richtung Heimat ging, wurde uns von Seiten der Lehrkr\u00e4fte ein Wunsch erf\u00fcllt: Wir durften das Wachsfigurenkabinett \u201eMadame Tussauds\u201c besuchen. Einige der Figuren waren sehr lebensecht dargestellt.<\/p>\n<p style=\"text-align: justify\">Was bleibt nach einer Woche Berlin? Vielseitige Eindr\u00fccke sowohl bei Sch\u00fclerinnen und Sch\u00fclern als auch bei Lehrkr\u00e4ften und das Fazit, dass Berlin historisch, politisch und kulturell viel zu bieten hat und sich gerade deswegen f\u00fcr eine Klassenfahrt jederzeit lohnt!<\/p>\n<p style=\"text-align: justify\">\u00b9Holocaust-Denkmal: Mahnmal, das an die systematische Ermordung von Juden w\u00e4hrend der NS-Diktatur erinnert.<\/p>\n","protected":false},"excerpt":{"rendered":"<p>Die Klassenfahrt der 10G2 nach Berlin In der Klassenfahrtswoche vom 03.09.2018 bis 07.09.2018 fuhren einige Klassen des 10. Jahrgangs nach Berlin, darunter auch 17 Sch\u00fclerinnen und Sch\u00fcler der Klasse 10G2 sowie zwei Lehrkr\u00e4fte und eine Schulbegleitung, um Berlins historische, politische, aber auch kulturelle Seiten kennenzulernen. Nach der Ankunft im A&amp;O Hostel Berlin Friedrichshain fuhren wir [&hellip;]<\/p>\n","protected":false},"author":9192496,"featured_media":293,"comment_status":"open","ping_status":"open","sticky":false,"template":"","format":"standard","meta":{"footnotes":""},"categories":[28],"tags":[50,51,49],"class_list":["post-292","post","type-post","status-publish","format-standard","has-post-thumbnail","hentry","category-activities","tag-berlin","tag-geschichte","tag-klassenfahrt"],"_links":{"self":[{"href":"https:\/\/wordpress.nibis.de\/leine85\/wp-json\/wp\/v2\/posts\/292","targetHints":{"allow":["GET"]}}],"collection":[{"href":"https:\/\/wordpress.nibis.de\/leine85\/wp-json\/wp\/v2\/posts"}],"about":[{"href":"https:\/\/wordpress.nibis.de\/leine85\/wp-json\/wp\/v2\/types\/post"}],"author":[{"embeddable":true,"href":"https:\/\/wordpress.nibis.de\/leine85\/wp-json\/wp\/v2\/users\/9192496"}],"replies":[{"embeddable":true,"href":"https:\/\/wordpress.nibis.de\/leine85\/wp-json\/wp\/v2\/comments?post=292"}],"version-history":[{"count":3,"href":"https:\/\/wordpress.nibis.de\/leine85\/wp-json\/wp\/v2\/posts\/292\/revisions"}],"predecessor-version":[{"id":296,"href":"https:\/\/wordpress.nibis.de\/leine85\/wp-json\/wp\/v2\/posts\/292\/revisions\/296"}],"wp:featuredmedia":[{"embeddable":true,"href":"https:\/\/wordpress.nibis.de\/leine85\/wp-json\/wp\/v2\/media\/293"}],"wp:attachment":[{"href":"https:\/\/wordpress.nibis.de\/leine85\/wp-json\/wp\/v2\/media?parent=292"}],"wp:term":[{"taxonomy":"category","embeddable":true,"href":"https:\/\/wordpress.nibis.de\/leine85\/wp-json\/wp\/v2\/categories?post=292"},{"taxonomy":"post_tag","embeddable":true,"href":"https:\/\/wordpress.nibis.de\/leine85\/wp-json\/wp\/v2\/tags?post=292"}],"curies":[{"name":"wp","href":"https:\/\/api.w.org\/{rel}","templated":true}]}}