{"id":307,"date":"2019-01-14T13:36:39","date_gmt":"2019-01-14T12:36:39","guid":{"rendered":"http:\/\/wordpress.nibis.de\/leine85\/?p=307"},"modified":"2019-06-11T15:50:42","modified_gmt":"2019-06-11T13:50:42","slug":"interview-mit-dorothea-otte","status":"publish","type":"post","link":"https:\/\/wordpress.nibis.de\/leine85\/interview-mit-dorothea-otte\/","title":{"rendered":"Interview mit Dorothea Otte"},"content":{"rendered":"<p><img loading=\"lazy\" decoding=\"async\" class=\"alignnone size-full wp-image-305\" src=\"http:\/\/wordpress.nibis.de\/leine85\/files\/2018\/10\/Otte_double.jpg\" alt=\"\" width=\"600\" height=\"400\"><\/p>\n<p style=\"text-align: justify\"><strong>Was bedeutet Gl\u00fcck f\u00fcr Sie?<\/strong><br \/>\nAm Ende des Tages mit meinem Mann auf unserem roten Sofa zu sitzen und \u00fcber das Leben zu sprechen.<\/p>\n<p style=\"text-align: justify\"><strong>Welches Ereignis in der Welt besch\u00e4ftigt Sie?<\/strong><br \/>\nAktuell besch\u00e4ftigt mich die D\u00fcrrekatastrophe im Sommer, weil ich mir sehr viele Gedanken \u00fcber den Klimawandel mache und wir uns irgendwann fragen werden, warum wir nicht rechtzeitiger aufgewacht sind. Die n\u00e4chste Generation wird uns zu Recht fragen: \u201eWas habt ihr eigentlich dagegen getan?\u201c<\/p>\n<p style=\"text-align: justify\"><strong>Wie sieht ein typischer Arbeitstag von Ihnen aus?<\/strong><br \/>\nIch glaube, das Geheimnis meines Berufes ist, deswegen mag ich ihn auch gern, dass kein Tag wie der andere ist. Was mir nicht gef\u00e4llt ist mein Weg zur Arbeit, denn am liebsten fahre ich Fahrrad, aber die Anreise aus Hannover, wo ich wohne, ist oft sehr nervig: Die S-Bahn f\u00e4hrt nur st\u00fcndlich und die Abfahrtszeiten passen nicht zum Stundenplan der KGS. Der Arbeitstag teilt sich dann immer auf zwischen meinen Unterrichtsstunden und meinen Schulleitungsgesch\u00e4ften, denn im Prinzip habe ich zwei Jobs unter einen Hut zu bringen. Wenn ich aber nicht mit dem Unterrichten anfange, dann begr\u00fc\u00dfe ich zuerst alle Schulverwaltungskr\u00e4fte und Schulleitungsmitglieder, sodass man erst mal ankommt und sich gegenseitig wahrnimmt. Dann checke ich ganz schnell meine E-Mails auf irgendetwas Verborgenes, was ich dringend bearbeiten muss. Schlie\u00dflich werfe ich einen Blick in den Terminkalender. Da steht dann eigentlich immer etwas an: Gespr\u00e4che mit Eltern, Sch\u00fclern, Kollegen, Besprechungen. Wenn ich keinen Termin habe, dann muss ich mich an die B\u00fcroarbeit setzen, mich um Themen k\u00fcmmern wie Klasseneinteilung, Anmeldungen, Beurlaubungen, Zeugnisse \u2013 je nachdem was im Schuljahr gerade dran ist. Manchmal ist dann der Unterricht eine Entspannung, weil ich dort nur eine Sache gleichzeitig machen muss und nicht zehn Leute gleichzeitig etwas von mir wollen.<\/p>\n<p style=\"text-align: justify\"><strong>Was w\u00e4ren Sie geworden, wenn Sie nicht den Lehrerberuf ergriffen h\u00e4tten?<\/strong><br \/>\nJournalistin, das habe ich auch eine Weile gemacht. Aber am liebsten Operns\u00e4ngerin, nur da war ich leider nicht gut genug.<\/p>\n<p style=\"text-align: justify\"><strong>Unter uns: Wer ist anstrengender, die Lehrer oder die Sch\u00fcler?<\/strong><br \/>\nEhrlich gesagt finde ich manche Eltern zurzeit anstrengender, wenn sie blind sind f\u00fcr die Probleme, die ihre Kinder haben oder sich gar nicht k\u00fcmmern. Aber zur eigentlichen Frage: Jede Arbeit ist nun mal anstrengend, das geh\u00f6rt auch in der Schule dazu. Vielleicht k\u00f6nnten wir ab und zu alle mal gucken, wie wir uns gegenseitig die Arbeit etwas erleichtern k\u00f6nnen. \u201eSich anstrengen\u201c ist ja eigentlich etwas Gutes, gerade im Kontext Schule \u2013 vielleicht k\u00f6nnen wir das ja ernster nehmen.<\/p>\n","protected":false},"excerpt":{"rendered":"<p>Was bedeutet Gl\u00fcck f\u00fcr Sie? Am Ende des Tages mit meinem Mann auf unserem roten Sofa zu sitzen und \u00fcber das Leben zu sprechen. Welches Ereignis in der Welt besch\u00e4ftigt Sie? Aktuell besch\u00e4ftigt mich die D\u00fcrrekatastrophe im Sommer, weil ich mir sehr viele Gedanken \u00fcber den Klimawandel mache und wir uns irgendwann fragen werden, warum [&hellip;]<\/p>\n","protected":false},"author":9192496,"featured_media":305,"comment_status":"open","ping_status":"open","sticky":false,"template":"","format":"standard","meta":{"footnotes":""},"categories":[15],"tags":[],"class_list":["post-307","post","type-post","status-publish","format-standard","has-post-thumbnail","hentry","category-lehrerinterviews"],"_links":{"self":[{"href":"https:\/\/wordpress.nibis.de\/leine85\/wp-json\/wp\/v2\/posts\/307","targetHints":{"allow":["GET"]}}],"collection":[{"href":"https:\/\/wordpress.nibis.de\/leine85\/wp-json\/wp\/v2\/posts"}],"about":[{"href":"https:\/\/wordpress.nibis.de\/leine85\/wp-json\/wp\/v2\/types\/post"}],"author":[{"embeddable":true,"href":"https:\/\/wordpress.nibis.de\/leine85\/wp-json\/wp\/v2\/users\/9192496"}],"replies":[{"embeddable":true,"href":"https:\/\/wordpress.nibis.de\/leine85\/wp-json\/wp\/v2\/comments?post=307"}],"version-history":[{"count":4,"href":"https:\/\/wordpress.nibis.de\/leine85\/wp-json\/wp\/v2\/posts\/307\/revisions"}],"predecessor-version":[{"id":622,"href":"https:\/\/wordpress.nibis.de\/leine85\/wp-json\/wp\/v2\/posts\/307\/revisions\/622"}],"wp:featuredmedia":[{"embeddable":true,"href":"https:\/\/wordpress.nibis.de\/leine85\/wp-json\/wp\/v2\/media\/305"}],"wp:attachment":[{"href":"https:\/\/wordpress.nibis.de\/leine85\/wp-json\/wp\/v2\/media?parent=307"}],"wp:term":[{"taxonomy":"category","embeddable":true,"href":"https:\/\/wordpress.nibis.de\/leine85\/wp-json\/wp\/v2\/categories?post=307"},{"taxonomy":"post_tag","embeddable":true,"href":"https:\/\/wordpress.nibis.de\/leine85\/wp-json\/wp\/v2\/tags?post=307"}],"curies":[{"name":"wp","href":"https:\/\/api.w.org\/{rel}","templated":true}]}}