{"id":538,"date":"2019-04-23T15:30:31","date_gmt":"2019-04-23T13:30:31","guid":{"rendered":"https:\/\/wordpress.nibis.de\/leine85\/?p=538"},"modified":"2023-03-07T21:05:43","modified_gmt":"2023-03-07T20:05:43","slug":"bund-und-laender-sind-sich-beim-digitalpakt-einig","status":"publish","type":"post","link":"https:\/\/wordpress.nibis.de\/leine85\/bund-und-laender-sind-sich-beim-digitalpakt-einig\/","title":{"rendered":"Bund und L\u00e4nder sind sich beim Digitalpakt einig"},"content":{"rendered":"\n<p><strong>Berlin \u2013 Am 15. M\u00e4rz stimmte der Bundesrat mit der ben\u00f6tigten\nZwei-Drittel-Mehrheit f\u00fcr die Grundgesetz\u00e4nderung des Artikel 104c und 104d.<\/strong><\/p>\n\n\n\n<p align=\"justify\">Damit ist der Weg frei f\u00fcr den\nsogenannten \u201eDigitalpakt\u201c, mit dem die Finanzierung f\u00fcr digitale Medien durch\nden Bund an den Schulen vorangetrieben werden soll. Eigentlich sollte der Pakt\nbereits im Januar beschlossen werden. Jedoch sahen sich die Bundesl\u00e4nder in\nihrer Unabh\u00e4ngigkeit eingeschr\u00e4nkt, da die Bildung laut Verfassung allein Sache\nder L\u00e4nder ist. Zudem h\u00e4tten die L\u00e4nder sich laut Gesetzentwurf des Bundestages\nzur H\u00e4lfte an den Kosten beteiligen sollen, dies lehnten die Bundesl\u00e4nder ab.\nSo wurde durch den Bundesrat der Vermittlungsausschuss angerufen, der konnte erfolgreich\nzwischen L\u00e4ndern und Bundestag vermitteln: Die Bundesl\u00e4nder bestimmen\nindividuell, wie die Gelder eingesetzt werden, der Bund stellt lediglich die\nMittel zur Verf\u00fcgung und f\u00fchrt eine Statistik dar\u00fcber. Auch die Regelung \u00fcber\ndie Kostenbeteiligung der Bundesl\u00e4nder f\u00e4llt weg.<\/p>\n\n\n\n<p align=\"justify\">Der Gesetzentwurf muss nun dem Bundespr\u00e4sidenten zur Unterzeichnung vorgelegt werden und tritt dann in Kraft.<\/p>\n\n\n\n<p align=\"justify\">Sollte dieser kein Veto einlegen,\nstehen ab sofort den Schulen circa 3,5 Milliarden Euro f\u00fcr die Anschaffung von\ndigitalen Ger\u00e4ten und die Bezahlung f\u00fcr Fachpersonal zur Wartung von jenen\nGer\u00e4ten zur Verf\u00fcgung.<\/p>\n","protected":false},"excerpt":{"rendered":"<p>Berlin \u2013 Am 15. M\u00e4rz stimmte der Bundesrat mit der ben\u00f6tigten Zwei-Drittel-Mehrheit f\u00fcr die Grundgesetz\u00e4nderung des Artikel 104c und 104d. Damit ist der Weg frei f\u00fcr den sogenannten \u201eDigitalpakt\u201c, mit dem die Finanzierung f\u00fcr digitale Medien durch den Bund an den Schulen vorangetrieben werden soll. Eigentlich sollte der Pakt bereits im Januar beschlossen werden. Jedoch [&hellip;]<\/p>\n","protected":false},"author":9192496,"featured_media":539,"comment_status":"open","ping_status":"closed","sticky":false,"template":"","format":"standard","meta":{"footnotes":""},"categories":[276],"tags":[67,65,66,55],"class_list":["post-538","post","type-post","status-publish","format-standard","has-post-thumbnail","hentry","category-reihe-politik-to-go","tag-bildung","tag-digitalpakt","tag-grundgesetz","tag-schule"],"_links":{"self":[{"href":"https:\/\/wordpress.nibis.de\/leine85\/wp-json\/wp\/v2\/posts\/538","targetHints":{"allow":["GET"]}}],"collection":[{"href":"https:\/\/wordpress.nibis.de\/leine85\/wp-json\/wp\/v2\/posts"}],"about":[{"href":"https:\/\/wordpress.nibis.de\/leine85\/wp-json\/wp\/v2\/types\/post"}],"author":[{"embeddable":true,"href":"https:\/\/wordpress.nibis.de\/leine85\/wp-json\/wp\/v2\/users\/9192496"}],"replies":[{"embeddable":true,"href":"https:\/\/wordpress.nibis.de\/leine85\/wp-json\/wp\/v2\/comments?post=538"}],"version-history":[{"count":3,"href":"https:\/\/wordpress.nibis.de\/leine85\/wp-json\/wp\/v2\/posts\/538\/revisions"}],"predecessor-version":[{"id":545,"href":"https:\/\/wordpress.nibis.de\/leine85\/wp-json\/wp\/v2\/posts\/538\/revisions\/545"}],"wp:featuredmedia":[{"embeddable":true,"href":"https:\/\/wordpress.nibis.de\/leine85\/wp-json\/wp\/v2\/media\/539"}],"wp:attachment":[{"href":"https:\/\/wordpress.nibis.de\/leine85\/wp-json\/wp\/v2\/media?parent=538"}],"wp:term":[{"taxonomy":"category","embeddable":true,"href":"https:\/\/wordpress.nibis.de\/leine85\/wp-json\/wp\/v2\/categories?post=538"},{"taxonomy":"post_tag","embeddable":true,"href":"https:\/\/wordpress.nibis.de\/leine85\/wp-json\/wp\/v2\/tags?post=538"}],"curies":[{"name":"wp","href":"https:\/\/api.w.org\/{rel}","templated":true}]}}