{"id":573,"date":"2019-05-14T21:05:34","date_gmt":"2019-05-14T19:05:34","guid":{"rendered":"https:\/\/wordpress.nibis.de\/leine85\/?p=573"},"modified":"2023-03-07T21:05:34","modified_gmt":"2023-03-07T20:05:34","slug":"gendergerechte-sprache-in-hannover","status":"publish","type":"post","link":"https:\/\/wordpress.nibis.de\/leine85\/gendergerechte-sprache-in-hannover\/","title":{"rendered":"Gendergerechte Sprache in Hannover: Warum politische Korrektheit in diesem Fall Unfug ist"},"content":{"rendered":"\r\n<p align=\"justify\"><strong>In den vergangenen Wochen gab es eine gro\u00dfe \u00f6ffentliche Debatte \u00fcber geschlechtsneutrale Sprache \u2013 angesto\u00dfen durch die nieders\u00e4chsische Landeshauptstadt: Hannover hat in diesem Jahr die gendergerechte Sprache f\u00fcr den gesamten st\u00e4dtischen Schriftverkehr eingef\u00fchrt. Unser Autor h\u00e4lt solche Versuche f\u00fcr gro\u00dfen Unfug.<\/strong><\/p>\r\n\r\n\r\n\r\n<p><em>Ein Kommentar vom 14.05.2019<br \/><\/em><\/p>\r\n\r\n\r\n\r\n<p align=\"justify\">Die Entscheidung der Hannoveraner Stadtverwaltung traf auf breite Zustimmung, aber auch auf Ablehnung und Gel\u00e4chter. So titelte die \u201eWelt\u201c, dass Hannover k\u00fcnftig gendergerecht in Hannover*in und Erfurt in Er-\/Sie-\/Esfurt umbenannt werde. Auch weitere Beitr\u00e4ge zeigen, wie unn\u00f6tig und \u00fcbertrieben und l\u00e4cherlich solche Ma\u00dfnahmen im Sinne der politischen Korrektheit sind.<\/p>\r\n\r\n\r\n\r\n<p align=\"justify\">Gegen\u00fcber Opfern von echter Diskriminierung erscheinen sie sogar zynisch, zum Beispiel gegen\u00fcber unbewaffneten schwarzen Jugendlichen in den USA, die ohne ersichtlichen Grund von Polizisten erschossen werden, gegen\u00fcber M\u00e4dchen in Afrika, die bei der Geburt verst\u00fcmmelt werden, gegen\u00fcber Frauen in arabischen L\u00e4ndern, die wegen sexueller \u00dcbergriffe gegen die eigene Person mit Steinigung bestraft werden und gegen\u00fcber Homosexuellen, die in manchen L\u00e4ndern aufgrund ihres sexuellen Interesses inhaftiert oder sogar hingerichtet werden. Jene Menschen und ihre echten Probleme werden ignoriert, um sich dar\u00fcber aufzuregen, warum es \u201eTomatenmark\u201c und nicht \u201eTomatenmarie\u201c hei\u00dft.<\/p>\r\n\r\n\r\n\r\n<p align=\"justify\">Au\u00dferdem geht politische Korrektheit meist mit einer ganz bestimmten, gnadenlos rassistischen und sexistischen Einstellung von Menschen einher. Letztere bezeichnen sich selbst zwar als \u201epolitisch korrekt\u201c, dieser Einstufung kommen sie aber ungef\u00e4hr so nahe wie ich einer Bergziege. Diese Menschen sind der Meinung, dass wei\u00dfe Menschen keinen Rassismus erfahren und dass M\u00e4nner nicht zum Opfer von Sexismus werden k\u00f6nnen. Wer dem nicht zustimmt, l\u00e4uft selbstverst\u00e4ndlich Gefahr als Rassist, Sexist, AfD-Anh\u00e4nger, Bild-Leser, wei\u00dfer, heterosexueller Eis-Mann etc. abgestempelt zu werden.<\/p>\r\n\r\n\r\n\r\n<p align=\"justify\">Dabei schafft politische Korrektheit Mauern zwischen Menschen verschiedener ethnischer Gruppen, weil sie den Fokus auf die Gruppenzugeh\u00f6rigkeit eines Menschen legen, wo diese eigentlich unwichtig ist und man diese Unterschiede ignorieren sollte. Sie bevormundet \u00fcberdies Minderheiten, indem sie einer Minderheit zugeh\u00f6rige Menschen wie rohe Eier behandelt und nicht wie das, was sie eigentlich sind: Menschen. Sicher, der Artikel 3 unseres Grundgesetzes fordert vom Staat die Durchsetzung der Gleichberechtigung von Frauen und M\u00e4nnern und Hannover hat hier brav seine Hausaufgaben gemacht, doch die praktische Umsetzung des Artikels meint wohl kaum das Gendersternchen. Dennoch bleiben derartige Versuche \u00fcbertriebener politischer Korrektheit etwas ganz Besonderes, um es politisch korrekt auszudr\u00fccken.<\/p>\r\n","protected":false},"excerpt":{"rendered":"<p>In den vergangenen Wochen gab es eine gro\u00dfe \u00f6ffentliche Debatte \u00fcber geschlechtsneutrale Sprache \u2013 angesto\u00dfen durch die nieders\u00e4chsische Landeshauptstadt: Hannover hat in diesem Jahr die gendergerechte Sprache f\u00fcr den gesamten st\u00e4dtischen Schriftverkehr eingef\u00fchrt. Unser Autor h\u00e4lt solche Versuche f\u00fcr gro\u00dfen Unfug. Ein Kommentar vom 14.05.2019 Die Entscheidung der Hannoveraner Stadtverwaltung traf auf breite Zustimmung, aber [&hellip;]<\/p>\n","protected":false},"author":9192496,"featured_media":574,"comment_status":"open","ping_status":"closed","sticky":false,"template":"","format":"standard","meta":{"footnotes":""},"categories":[21],"tags":[66,69],"class_list":["post-573","post","type-post","status-publish","format-standard","has-post-thumbnail","hentry","category-aus-der-welt","tag-grundgesetz","tag-politische-korrektheit"],"_links":{"self":[{"href":"https:\/\/wordpress.nibis.de\/leine85\/wp-json\/wp\/v2\/posts\/573","targetHints":{"allow":["GET"]}}],"collection":[{"href":"https:\/\/wordpress.nibis.de\/leine85\/wp-json\/wp\/v2\/posts"}],"about":[{"href":"https:\/\/wordpress.nibis.de\/leine85\/wp-json\/wp\/v2\/types\/post"}],"author":[{"embeddable":true,"href":"https:\/\/wordpress.nibis.de\/leine85\/wp-json\/wp\/v2\/users\/9192496"}],"replies":[{"embeddable":true,"href":"https:\/\/wordpress.nibis.de\/leine85\/wp-json\/wp\/v2\/comments?post=573"}],"version-history":[{"count":6,"href":"https:\/\/wordpress.nibis.de\/leine85\/wp-json\/wp\/v2\/posts\/573\/revisions"}],"predecessor-version":[{"id":1328,"href":"https:\/\/wordpress.nibis.de\/leine85\/wp-json\/wp\/v2\/posts\/573\/revisions\/1328"}],"wp:featuredmedia":[{"embeddable":true,"href":"https:\/\/wordpress.nibis.de\/leine85\/wp-json\/wp\/v2\/media\/574"}],"wp:attachment":[{"href":"https:\/\/wordpress.nibis.de\/leine85\/wp-json\/wp\/v2\/media?parent=573"}],"wp:term":[{"taxonomy":"category","embeddable":true,"href":"https:\/\/wordpress.nibis.de\/leine85\/wp-json\/wp\/v2\/categories?post=573"},{"taxonomy":"post_tag","embeddable":true,"href":"https:\/\/wordpress.nibis.de\/leine85\/wp-json\/wp\/v2\/tags?post=573"}],"curies":[{"name":"wp","href":"https:\/\/api.w.org\/{rel}","templated":true}]}}