{"id":812,"date":"2019-12-17T21:02:17","date_gmt":"2019-12-17T20:02:17","guid":{"rendered":"https:\/\/wordpress.nibis.de\/leine85\/?p=812"},"modified":"2019-12-19T17:19:04","modified_gmt":"2019-12-19T16:19:04","slug":"der-adventsbasar-an-der-kgs-neustadt","status":"publish","type":"post","link":"https:\/\/wordpress.nibis.de\/leine85\/der-adventsbasar-an-der-kgs-neustadt\/","title":{"rendered":"Alle Jahre wieder &#8211; Der Adventsbasar an unserer Schule"},"content":{"rendered":"<p style=\"text-align: justify\">Am Freitag, den 29. November 2019, fand zum wiederholten Mal der Adventsbasar an unserer Schule statt. Wie in jedem Jahr warteten auf die Besucher vielf\u00e4ltige weihnachtliche Basteleien und Leckereien sowie spannende Mitmachaktionen, die im Vorfeld von den Sch\u00fclerinnen und Sch\u00fclern vorbereitet wurden. In Scharen lie\u00dfen sich die Neust\u00e4dter auf den KGS-Adventsbasar ein, sodass er erneut zu einem gro\u00dfen Erfolg f\u00fcr alle Beteiligten wurde. Besonders begehrt waren in diesem Jahr unter anderem die selbst gefertigten Dekoartikel, die textilen Handarbeiten und die selbstgebastelten Weihnachtskarten. Einen Eindruck von dem vielf\u00e4ltigen Angebot der St\u00e4nde bieten euch die nachstehenden Bilder.<\/p>\n<p>Katharina, 11. Jhg.<\/p>\n\n","protected":false},"excerpt":{"rendered":"<p>Am Freitag, den 29. November 2019, fand zum wiederholten Mal der Adventsbasar an unserer Schule statt. Wie in jedem Jahr warteten auf die Besucher vielf\u00e4ltige weihnachtliche Basteleien und Leckereien sowie spannende Mitmachaktionen, die im Vorfeld von den Sch\u00fclerinnen und Sch\u00fclern vorbereitet wurden. In Scharen lie\u00dfen sich die Neust\u00e4dter auf den KGS-Adventsbasar ein, sodass er erneut [&hellip;]<\/p>\n","protected":false},"author":9192496,"featured_media":0,"comment_status":"open","ping_status":"closed","sticky":false,"template":"","format":"standard","meta":{"footnotes":""},"categories":[25],"tags":[92,81],"class_list":["post-812","post","type-post","status-publish","format-standard","hentry","category-veranstaltungen","tag-adventsbasar","tag-weihnachten"],"_links":{"self":[{"href":"https:\/\/wordpress.nibis.de\/leine85\/wp-json\/wp\/v2\/posts\/812","targetHints":{"allow":["GET"]}}],"collection":[{"href":"https:\/\/wordpress.nibis.de\/leine85\/wp-json\/wp\/v2\/posts"}],"about":[{"href":"https:\/\/wordpress.nibis.de\/leine85\/wp-json\/wp\/v2\/types\/post"}],"author":[{"embeddable":true,"href":"https:\/\/wordpress.nibis.de\/leine85\/wp-json\/wp\/v2\/users\/9192496"}],"replies":[{"embeddable":true,"href":"https:\/\/wordpress.nibis.de\/leine85\/wp-json\/wp\/v2\/comments?post=812"}],"version-history":[{"count":6,"href":"https:\/\/wordpress.nibis.de\/leine85\/wp-json\/wp\/v2\/posts\/812\/revisions"}],"predecessor-version":[{"id":845,"href":"https:\/\/wordpress.nibis.de\/leine85\/wp-json\/wp\/v2\/posts\/812\/revisions\/845"}],"wp:attachment":[{"href":"https:\/\/wordpress.nibis.de\/leine85\/wp-json\/wp\/v2\/media?parent=812"}],"wp:term":[{"taxonomy":"category","embeddable":true,"href":"https:\/\/wordpress.nibis.de\/leine85\/wp-json\/wp\/v2\/categories?post=812"},{"taxonomy":"post_tag","embeddable":true,"href":"https:\/\/wordpress.nibis.de\/leine85\/wp-json\/wp\/v2\/tags?post=812"}],"curies":[{"name":"wp","href":"https:\/\/api.w.org\/{rel}","templated":true}]}}