{"id":872,"date":"2020-03-16T13:25:36","date_gmt":"2020-03-16T12:25:36","guid":{"rendered":"https:\/\/wordpress.nibis.de\/leine85\/?p=872"},"modified":"2023-03-07T21:34:13","modified_gmt":"2023-03-07T20:34:13","slug":"mobbing-was-ist-das-eigentlich-genau-und-was-kann-ich-dagegen-tun","status":"publish","type":"post","link":"https:\/\/wordpress.nibis.de\/leine85\/mobbing-was-ist-das-eigentlich-genau-und-was-kann-ich-dagegen-tun\/","title":{"rendered":"Mobbing: Was ist das eigentlich genau und was kann ich dagegen tun?"},"content":{"rendered":"<p style=\"text-align: justify\"><strong>Rund 158 Millionen Kinder und Jugendliche zwischen sechs und siebzehn Jahren werden im Jahr gemobbt. Jedes dritte Kind ist also von Mobbing betroffen. Wir haben nachgehakt und Euch zum Thema \u201eMobbing\u201c befragt.<\/strong><\/p>\n<figure id=\"attachment_875\" aria-describedby=\"caption-attachment-875\" style=\"width: 318px\" class=\"wp-caption alignleft\"><img loading=\"lazy\" decoding=\"async\" class=\"wp-image-875 \" src=\"https:\/\/wordpress.nibis.de\/leine85\/files\/2020\/03\/IMG_20200212_133046-300x300.jpg\" alt=\"\" width=\"318\" height=\"318\" \/><figcaption id=\"caption-attachment-875\" class=\"wp-caption-text\">Abbildung 1: Mobbing: Ausschluss einer Person durch eine Gruppe &#8211; \u00fcber einen l\u00e4ngeren Zeitraum.<\/figcaption><\/figure>\n<p style=\"text-align: justify\">Die meisten von Euch wissen, dass Mobbing ein ernstes Thema ist und damit nicht zu spa\u00dfen ist, schlie\u00dflich hat es keine guten Auswirkungen auf das eigene Leben. Beispielsweise kann Mobbing die betroffene Person sehr traurig machen und sogar zu Depressionen f\u00fchren. Zu den typischen Symptomen einer Depression geh\u00f6ren eine gedr\u00fcckte Stimmung, Gr\u00fcbeln und ein verminderter Antrieb.<\/p>\n<p style=\"text-align: justify\"><strong>Was ist Mobbing \u00fcberhaupt?<\/strong><\/p>\n<p style=\"text-align: justify\">Unter Mobbing versteht man im Allgemeinen den Ausschluss von Personen durch ganze Gruppen \u00fcber einen l\u00e4ngeren Zeitraum.<\/p>\n<p style=\"text-align: justify\"><strong>Wer mobbt und wer wird gemobbt?<\/strong><\/p>\n<p style=\"text-align: justify\">Meistens wird eine schw\u00e4chere Person, die zum Beispiel in der Pause allein ist, von dem T\u00e4ter und seinen Mitl\u00e4ufern gemobbt. Die T\u00e4ter f\u00fchlen sich h\u00e4ufig stark und m\u00e4chtig, so wie ein K\u00f6nig. Es gibt demnach verschiedene Rollen, die ausgef\u00fchrt werden:<\/p>\n<ul style=\"text-align: justify\">\n<li><u>Der T\u00e4ter:<\/u> Er mobbt das Opfer. Er ist zugleich der Anf\u00fchrer einer Gruppe, die eine bestimmte Person mobbt.<\/li>\n<li><u>Der Mitl\u00e4ufer:<\/u> Der Mitl\u00e4ufer unterst\u00fctzt den T\u00e4ter und seine Taten. Die Mitl\u00e4ufer sind somit am Mobbing beteiligt.<\/li>\n<li><u>Die Bystander:<\/u> Die Bystander sind Personen, die zwar von dem Mobbing wissen, aber meistens nichts dagegen tun, da sie selbst Angst vor Mobbing haben. Ihnen ist nicht bewusst, dass sie eigentlich die gr\u00f6\u00dfte Macht haben.<\/li>\n<li><u>Die Unterst\u00fctzer des Opfers:<\/u> Sie helfen dem Opfer und stehen ihm in schwierigen Situationen bei. Von den Unterst\u00fctzern gibt es leider immer zu wenig. Manchmal hat das Opfer gar keinen Unterst\u00fctzer.<\/li>\n<li><u>Das Opfer:<\/u> Das Opfer wird gemobbt und leidet an den Auswirkungen (siehe unten).<\/li>\n<\/ul>\n<p style=\"text-align: justify\"><strong>Weshalb mobbt jemand?<\/strong><\/p>\n<p style=\"text-align: justify\">Der T\u00e4ter leidet zuhause m\u00f6glicherweise selbst und l\u00e4sst seine Wut, seine Frust oder seine Trauer an anderen Personen aus. Zudem m\u00f6gen es viele T\u00e4ter, dass sie sich w\u00e4hrend des Mobbens st\u00e4rker f\u00fchlen. H\u00e4ufig erlangen sie Anerkennung im Kreise ihrer Mitt\u00e4ter. Auch das Ende einer Freundschaft kann dazu f\u00fchren, dass man den ehemaligen Freund oder die ehemalige Freundin mobbt. Daneben k\u00f6nnen aber auch Neid oder Rachsucht als Erkl\u00e4rungsversuche f\u00fcr das Mobbingverhalten dienen.<\/p>\n<p style=\"text-align: justify\"><strong>Wo kann Mobbing passieren?<\/strong><\/p>\n<p style=\"text-align: justify\">Mobbing kann selbstverst\u00e4ndlich an verschiedenen Orten passieren. Besonders h\u00e4ufig passiert es aber auf dem Schulhof, im Schulbus oder an der Bushaltestelle, also immer dann, wenn der T\u00e4ter im Glauben ist, m\u00f6glichst unbeobachtet sein Opfer mobben zu k\u00f6nnen.<\/p>\n<p style=\"text-align: justify\"><strong>Wozu kann Mobbing f\u00fchren?<\/strong><\/p>\n<p style=\"text-align: justify\">Die Auswirkungen k\u00f6nnen unterschiedlich sein. Die Opfer leiden u. a. an \u00dcbelkeit, Bauchschmerzen oder Kopfschmerzen. Auch Schulunlust oder gar Schulangst k\u00f6nnen eintreten.<\/p>\n<p style=\"text-align: justify\"><strong>Welche Arten von Mobbing gibt es?<\/strong><\/p>\n<p style=\"text-align: justify\">Es gibt verschiedene Arten von Mobbing:<\/p>\n<ul style=\"text-align: justify\">\n<li><u>Cybermobbing:<\/u> Darunter versteht man eine Form des Mobbings, die im Internet stattfindet. Beispielsweise stellt der T\u00e4ter ungefragt ein Bild des Opfers online.<\/li>\n<li><u>Physisches Mobbing:<\/u> Dies Form umfasst k\u00f6rperliche Verletzungen z. B. Schl\u00e4ge.<\/li>\n<li><u>Psychisches Mobbing:<\/u> Eine Form des Mobbings, die beispielsweise den Ausschluss von Personen aus einer Gruppe betrifft. Es kommt infolgedessen zu seelischen Verletzungen.<\/li>\n<li><u>Verbales Mobbing:<\/u> Unter dem verbalen Mobbing versteht man den Ausschluss einer Person mithilfe von verbalen, also w\u00f6rtlichen, Mitteln. Beispielsweise werden Ger\u00fcchte \u00fcber das Opfer verbreitet.<\/li>\n<\/ul>\n<p style=\"text-align: justify\"><strong>Was kann ich gegen Mobbing tun?<\/strong><\/p>\n<p style=\"text-align: justify\">Werde zum Unterst\u00fctzer des Opfers! Hole Hilfe von einer erwachsenen Person z. B. einer Lehrkraft.\u00a0 Im Notfall, insbesondere bei physischen Formen des Mobbings, kannst du die Polizei kontaktieren.<\/p>\n<p style=\"text-align: justify\"><em>Und: Bitte fang nicht an zu mobben! Wenn du jemanden siehst, der gemobbt wird, hilf dieser Person und stell dich gemeinsam mit anderen Personen gegen den T\u00e4ter und seine Mitl\u00e4ufer.<\/em><\/p>\n<p style=\"text-align: justify\">von Nils R. (5. Jhg.), Lily D. (6. Jhg.)<\/p>\n","protected":false},"excerpt":{"rendered":"<p>Rund 158 Millionen Kinder und Jugendliche zwischen sechs und siebzehn Jahren werden im Jahr gemobbt. Jedes dritte Kind ist also von Mobbing betroffen. Wir haben nachgehakt und Euch zum Thema \u201eMobbing\u201c befragt. Die meisten von Euch wissen, dass Mobbing ein ernstes Thema ist und damit nicht zu spa\u00dfen ist, schlie\u00dflich hat es keine guten Auswirkungen [&hellip;]<\/p>\n","protected":false},"author":9192496,"featured_media":0,"comment_status":"open","ping_status":"closed","sticky":false,"template":"","format":"standard","meta":{"footnotes":""},"categories":[273],"tags":[109,108],"class_list":["post-872","post","type-post","status-publish","format-standard","hentry","category-kgs-hilft","tag-cybermobbing","tag-mobbing"],"_links":{"self":[{"href":"https:\/\/wordpress.nibis.de\/leine85\/wp-json\/wp\/v2\/posts\/872","targetHints":{"allow":["GET"]}}],"collection":[{"href":"https:\/\/wordpress.nibis.de\/leine85\/wp-json\/wp\/v2\/posts"}],"about":[{"href":"https:\/\/wordpress.nibis.de\/leine85\/wp-json\/wp\/v2\/types\/post"}],"author":[{"embeddable":true,"href":"https:\/\/wordpress.nibis.de\/leine85\/wp-json\/wp\/v2\/users\/9192496"}],"replies":[{"embeddable":true,"href":"https:\/\/wordpress.nibis.de\/leine85\/wp-json\/wp\/v2\/comments?post=872"}],"version-history":[{"count":3,"href":"https:\/\/wordpress.nibis.de\/leine85\/wp-json\/wp\/v2\/posts\/872\/revisions"}],"predecessor-version":[{"id":881,"href":"https:\/\/wordpress.nibis.de\/leine85\/wp-json\/wp\/v2\/posts\/872\/revisions\/881"}],"wp:attachment":[{"href":"https:\/\/wordpress.nibis.de\/leine85\/wp-json\/wp\/v2\/media?parent=872"}],"wp:term":[{"taxonomy":"category","embeddable":true,"href":"https:\/\/wordpress.nibis.de\/leine85\/wp-json\/wp\/v2\/categories?post=872"},{"taxonomy":"post_tag","embeddable":true,"href":"https:\/\/wordpress.nibis.de\/leine85\/wp-json\/wp\/v2\/tags?post=872"}],"curies":[{"name":"wp","href":"https:\/\/api.w.org\/{rel}","templated":true}]}}