{"id":905,"date":"2020-03-19T20:36:22","date_gmt":"2020-03-19T19:36:22","guid":{"rendered":"https:\/\/wordpress.nibis.de\/leine85\/?p=905"},"modified":"2023-03-07T21:33:55","modified_gmt":"2023-03-07T20:33:55","slug":"flaschengarten-anlegen-so-holt-ihr-euch-die-natur-in-das-eigene-zimmer","status":"publish","type":"post","link":"https:\/\/wordpress.nibis.de\/leine85\/flaschengarten-anlegen-so-holt-ihr-euch-die-natur-in-das-eigene-zimmer\/","title":{"rendered":"Flaschengarten anlegen: So holt ihr Euch die Natur in das eigene Zimmer"},"content":{"rendered":"<p class=\"p3\" style=\"margin: 0cm 0cm 0.0001pt;text-align: justify\"><span style=\"color: #333333\"><strong><span class=\"s2\">Der Wahlpflichtkurs \u201eKlimawandel\u201c, der von Herrn Fuchs angeboten wird, hat im Februar einen selbst errichteten Flaschengarten hergestellt. Er ist vergleichsweise einfach zu gestalten und verleiht dem schn\u00f6den Schulalltag, der sich mittlerweile in das eigene Kinderzimmer verlagert hat, einen gr\u00fcnen Anstrich. <\/span><\/strong><span class=\"s2\"><strong>Der Flaschengarten kann in ganz verschiedenen Gl\u00e4sern errichtet werden und funktioniert wie ein kleines Gew\u00e4chshaus.<\/strong> <strong>Wie der Miniatur-Garten am besten angelegt wird, erfahrt ihr hier:<\/strong> <\/span><\/span><\/p>\n<p>&nbsp;<\/p>\n<p class=\"p3\" style=\"margin: 0cm 0cm 0.0001pt;text-align: justify\"><span style=\"color: #333333\"><span class=\"s2\">Ihr ben\u00f6tigt zun\u00e4chst ein Gef\u00e4\u00df aus Glas mit einem gut verschlie\u00dfbaren Deckel. Am besten eignen sich daf\u00fcr sogenannte Einmachgl\u00e4ser. <em>Achtung:<\/em> Je kleiner die \u00d6ffnung des Gef\u00e4\u00dfes ist, umso schwieriger gestaltet sich das Innere des Gef\u00e4\u00dfes. Am besten w\u00e4hlt ihr also ein Gef\u00e4\u00df mit einer gro\u00dfen \u00d6ffnung. <\/span><span class=\"s2\">Doch auch kleinere \u00d6ffnungen sind kein Grund euch<\/span><span class=\"s2\"> von einem Garten in eurer Lieblingsflasche abschrecken zu lassen, da ihr ja mit einer Pinzette oder \u00c4hnlichem arbeiten k\u00f6nnt.<br \/>\n<\/span><\/span><\/p>\n<p>&nbsp;<\/p>\n<figure id=\"attachment_907\" aria-describedby=\"caption-attachment-907\" style=\"width: 205px\" class=\"wp-caption alignleft\"><img loading=\"lazy\" decoding=\"async\" class=\"wp-image-907\" src=\"https:\/\/wordpress.nibis.de\/leine85\/files\/2020\/03\/Flaschengarten-2-300x300.jpg\" alt=\"\" width=\"205\" height=\"205\" srcset=\"https:\/\/wordpress.nibis.de\/leine85\/files\/2020\/03\/Flaschengarten-2-300x300.jpg 300w, https:\/\/wordpress.nibis.de\/leine85\/files\/2020\/03\/Flaschengarten-2-150x150.jpg 150w, https:\/\/wordpress.nibis.de\/leine85\/files\/2020\/03\/Flaschengarten-2-160x160.jpg 160w, https:\/\/wordpress.nibis.de\/leine85\/files\/2020\/03\/Flaschengarten-2-320x320.jpg 320w\" sizes=\"auto, (max-width: 205px) 100vw, 205px\" \/><figcaption id=\"caption-attachment-907\" class=\"wp-caption-text\"><\/span> <span style=\"color: #333333\">Abbildung 1: Kleinbl\u00e4ttriger Efeu im Flaschengarten.<\/span><\/figcaption><\/figure>\n<p style=\"text-align: justify\"><span style=\"color: #333333\">Nachdem ihr euch f\u00fcr ein Glas entschieden habt, legt ihr <span class=\"s2\">Kieselsteinchen am Boden aus und bedeckt diese anschlie\u00dfend dick mit Erde. Als Einf\u00fcllhilfe k\u00f6nnt ihr einen Trichter oder eine Papprolle verwenden. So bleibt auch die Glaswand sauber. <\/span><\/span><\/p>\n<p style=\"text-align: justify\"><span style=\"color: #333333\"><span class=\"s2\">Als N\u00e4chstes kommen nat\u00fcrlich noch Pflanzen in das Gef\u00e4\u00df. Bei den Pflanzen ist es wichtig, dass sie das feucht-warme Klima unter dem Glas vertragen und nur langsam wachsen. Kleine Farne, Moose, <\/span><span class=\"s2\">Moosfarne, kleinbl\u00e4ttriger Efeu, Zwerg-Gr\u00fcnlilie und viele weitere Pflanzen eignen sich daf\u00fcr. <\/span><\/span><\/p>\n<p style=\"text-align: justify\"><span class=\"s2\" style=\"color: #333333\">Als Dekoration eignen sich nat\u00fcrlich noch Steine, St\u00f6ckchen, leere Schneckenh\u00e4user oder Figuren. In einem Flaschengarten ist eurer Fantasie keine Grenze gesetzt.<br \/>\n<\/span><\/p>\n<p style=\"text-align: justify\"><span style=\"color: #333333\">Schlie\u00dflich solltet ihr den Flaschengarten mit handwarmem und m\u00f6glichst kalkarmen Wasser angie\u00dfen. Regenwasser zum Beispiel eignet sich bestens. Beim Angie\u00dfen solltet ihr darauf achten, dass sich kein Wasser am Boden des Gef\u00e4\u00dfes ansammelt. Gie\u00dft am besten in Etappen.<\/span><\/p>\n<figure id=\"attachment_909\" aria-describedby=\"caption-attachment-909\" style=\"width: 205px\" class=\"wp-caption alignleft\"><img loading=\"lazy\" decoding=\"async\" class=\"wp-image-909\" src=\"https:\/\/wordpress.nibis.de\/leine85\/files\/2020\/03\/Flaschengarten-3-300x300.jpg\" alt=\"\" width=\"205\" height=\"205\" srcset=\"https:\/\/wordpress.nibis.de\/leine85\/files\/2020\/03\/Flaschengarten-3-300x300.jpg 300w, https:\/\/wordpress.nibis.de\/leine85\/files\/2020\/03\/Flaschengarten-3-150x150.jpg 150w, https:\/\/wordpress.nibis.de\/leine85\/files\/2020\/03\/Flaschengarten-3-160x160.jpg 160w, https:\/\/wordpress.nibis.de\/leine85\/files\/2020\/03\/Flaschengarten-3-320x320.jpg 320w\" sizes=\"auto, (max-width: 205px) 100vw, 205px\" \/><figcaption id=\"caption-attachment-909\" class=\"wp-caption-text\"><\/span> <span style=\"color: #333333\">Abbildung 2: Flascheng\u00e4rten im Unterricht.<\/span><\/figcaption><\/figure>\n<p style=\"text-align: justify\"><span style=\"color: #333333\"><span class=\"s2\">Die Pflanzen im\u00a0 Flaschengarten <\/span><span class=\"s2\">m\u00fcssen auch insgesamt nur wenig <\/span><span class=\"apple-converted-space\">\u00a0<\/span><span class=\"s2\">gegossen werden. Ist das Gef\u00e4\u00df\u00a0 verschlossen, reicht es meist, die Pflanzen einmal im Monat oder sogar noch seltener zu gie\u00dfen. <\/span><span class=\"s2\">Diese Naturvielfalt ist also einfach zu pflegen und noch dazu sch\u00f6n anzusehen.\u00a0 <\/span><\/span><\/p>\n<p class=\"p3\" style=\"margin: 0cm 0cm 0.0001pt;text-align: justify\"><span class=\"s2\" style=\"color: #333333\">Die Sch\u00fclerinnen und Sch\u00fcler hatten viel Spa\u00df bei dem Projekt und haben au\u00dferdem gelernt, wie einfach es ist, sich mit wenigen Materialien die Natur nach drinnen zu holen. <\/span><\/p>\n<p>&nbsp;<\/p>\n<p class=\"p3\" style=\"margin: 0cm 0cm 0.0001pt;text-align: justify\"><span style=\"color: #333333\">von Marie M. (8. Jhg.)<\/span><\/p>\n","protected":false},"excerpt":{"rendered":"<p>Der Wahlpflichtkurs \u201eKlimawandel\u201c, der von Herrn Fuchs angeboten wird, hat im Februar einen selbst errichteten Flaschengarten hergestellt. Er ist vergleichsweise einfach zu gestalten und verleiht dem schn\u00f6den Schulalltag, der sich mittlerweile in das eigene Kinderzimmer verlagert hat, einen gr\u00fcnen Anstrich. Der Flaschengarten kann in ganz verschiedenen Gl\u00e4sern errichtet werden und funktioniert wie ein kleines Gew\u00e4chshaus. [&hellip;]<\/p>\n","protected":false},"author":9192496,"featured_media":909,"comment_status":"open","ping_status":"closed","sticky":false,"template":"","format":"standard","meta":{"footnotes":""},"categories":[173],"tags":[112,113,116,96,114,115],"class_list":["post-905","post","type-post","status-publish","format-standard","has-post-thumbnail","hentry","category-aus-kunst-und-kultur","tag-flaschengarten","tag-gewaechshaus","tag-klima","tag-klimawandel","tag-wahlpflichtkurs","tag-wpk"],"_links":{"self":[{"href":"https:\/\/wordpress.nibis.de\/leine85\/wp-json\/wp\/v2\/posts\/905","targetHints":{"allow":["GET"]}}],"collection":[{"href":"https:\/\/wordpress.nibis.de\/leine85\/wp-json\/wp\/v2\/posts"}],"about":[{"href":"https:\/\/wordpress.nibis.de\/leine85\/wp-json\/wp\/v2\/types\/post"}],"author":[{"embeddable":true,"href":"https:\/\/wordpress.nibis.de\/leine85\/wp-json\/wp\/v2\/users\/9192496"}],"replies":[{"embeddable":true,"href":"https:\/\/wordpress.nibis.de\/leine85\/wp-json\/wp\/v2\/comments?post=905"}],"version-history":[{"count":11,"href":"https:\/\/wordpress.nibis.de\/leine85\/wp-json\/wp\/v2\/posts\/905\/revisions"}],"predecessor-version":[{"id":919,"href":"https:\/\/wordpress.nibis.de\/leine85\/wp-json\/wp\/v2\/posts\/905\/revisions\/919"}],"wp:featuredmedia":[{"embeddable":true,"href":"https:\/\/wordpress.nibis.de\/leine85\/wp-json\/wp\/v2\/media\/909"}],"wp:attachment":[{"href":"https:\/\/wordpress.nibis.de\/leine85\/wp-json\/wp\/v2\/media?parent=905"}],"wp:term":[{"taxonomy":"category","embeddable":true,"href":"https:\/\/wordpress.nibis.de\/leine85\/wp-json\/wp\/v2\/categories?post=905"},{"taxonomy":"post_tag","embeddable":true,"href":"https:\/\/wordpress.nibis.de\/leine85\/wp-json\/wp\/v2\/tags?post=905"}],"curies":[{"name":"wp","href":"https:\/\/api.w.org\/{rel}","templated":true}]}}