{"id":922,"date":"2020-04-09T11:04:47","date_gmt":"2020-04-09T09:04:47","guid":{"rendered":"https:\/\/wordpress.nibis.de\/leine85\/?p=922"},"modified":"2020-04-09T11:04:47","modified_gmt":"2020-04-09T09:04:47","slug":"was-ist-des-deutschen-vaterland","status":"publish","type":"post","link":"https:\/\/wordpress.nibis.de\/leine85\/was-ist-des-deutschen-vaterland\/","title":{"rendered":"Was ist des Deutschen Vaterland?"},"content":{"rendered":"<p style=\"text-align: justify\"><strong>Sachsen, Preu\u00dfen, Hannoveraner, Bayern &#8211; Vor 1800 bot das Heilige R\u00f6mische Reich Deutscher Nation (HRRDN) eher ein Bild staatlicher Zersplitterung. Die Deutschen waren in Territorien unterschiedlichster Gr\u00f6\u00dfe aufgeteilt. Lediglich durch Sprache, Literatur und Kunst als &#8222;Kulturnation&#8220; geeint, waren die Deutschen weit davon entfernt, einen &#8222;Nationalstaat&#8220; zu bilden. Umso schwieriger war es auch, die Frage, die Ernst Moritz Arndt in seinem politischen Gedicht &#8222;Was ist des Deutschen Vaterland?&#8220; im M\u00e4rz 1813 \u00e4u\u00dferte, zu beantworten. Schlie\u00dflich gab es kurz nach 1800 noch keine klare Antwort darauf.<\/strong><\/p>\n<p style=\"text-align: justify\">W\u00e4hrend der Befreiungskriege (1813-1815), die sich gegen die Vorherrschaft der Franzosen unter Napoleon \u00fcber gro\u00dfe Teile des europ\u00e4ischen Kontinents richteten, entwickelte sich in Deutschland ein antifranz\u00f6sisches und somit nationales Zusammengeh\u00f6rigkeitsgef\u00fchl. Dass sich die Menschen nicht mehr nur als Preu\u00dfen, Hannoveraner oder Sachsen f\u00fchlten, \u00e4nderte sich also mit dem gemeinsamen Kampf gegen Napoleon. Nach dem entt\u00e4uschenden Ausgang des Wiener Kongresses sollte es aber noch sehr lange dauern, bis sich die Deutschen zu einem geeinten Vaterland zugeh\u00f6rig f\u00fchlten: Erst am 18. Januar 1871 wurde das zweite Deutsche Kaiserreich (1871-1918) gegr\u00fcndet. Dieser Akt war vor allem durch Preu\u00dfens Ministerpr\u00e4sident Otto von Bismarck erm\u00f6glicht worden. Er f\u00fchrte Preu\u00dfen in den 1860er Jahren erfolgreich durch die drei Einigungskriege. Dem deutschen &#8222;Flickenteppich&#8220; machte er somit ein Ende.<\/p>\n<p style=\"text-align: justify\">Die Deutschen haben also einen langen und mitunter kriegreichen Weg hinter sich bringen m\u00fcssen, um offiziell als ein &#8222;Nationalstaat&#8220; zu gelten. Mut, Tapferkeit sowie Zusammenhalt zahlten sich aus. So erinnern heute noch die Farben der deutschen Flagge an jenen mutigen Kampf: Die Farben schwarz, rot und gold waren zum ersten Mal 1813 auf den Uniformen des L\u00fctzower Freikorps zu sehen &#8211; ein Heer aus Freiwilligen verschiedenster Regionen, das gegen Napoleon k\u00e4mpfte.<\/p>\n<p style=\"text-align: justify\">Auch heute noch schm\u00fccken w\u00e4hrend gro\u00dfer Fu\u00dfballveranstaltungen genau diese Farben unsere Autos, Balkone, Stra\u00dfen oder sogar Gesichter, aber tr\u00fcgt w\u00e4hrend solcher Ereignisse der deutsche Nationalstolz? Nach der nationalsozialistischen Diktatur Adolf Hitlers, die durch seine Grausamkeit dem Deutschen Nationalstaat einen ebensolchen Stempel verlieh, war es f\u00fcr deutsche Folgegenerationen sicherlich nahezu besch\u00e4mend sich als \u201enationalstolz\u201c\u00a0 zu bezeichnen. Dies f\u00fchrte dazu, dass eine Geschichtsvergessenheit bzw. ein Geschichtsverlust der Deutschen zu einem Problem heranwuchs. So sprechen einige Kulturwissenschaftler von einer scheinbaren \u201eEinigelung\u201c im Hier und Jetzt der sicheren Gegenwart. Dabei weist die Geschichte des deutschen Nationalstaats sehr wohl auch stolze Zeiten auf.<\/p>\n<p style=\"text-align: justify\">Als 1989 die Mauer fiel, fiel quasi sinnbildlich auch der Vorhang zweier Geschichtsr\u00e4ume und w\u00e4hrend der\u00a0 1990er Jahre wandten sich die Deutschen ihrer Geschichte immer mehr zu. Es entstand nach und nach ein neues Nationalbewusstsein, welches sich nicht mehr ausschlie\u00dflich auf den Nationalsozialismus fixierte, diesen aber auch nicht \u201eunter den Tisch kehrte\u201c. Zum\u00a0 Ausdruck gebracht wurde das neue National- bzw. Geschichtsbewusstsein u. a. durch Geschichtsausstellungen \u00fcber das Heilige R\u00f6mische Reich Deutscher Nation oder durch eine Dauerausstellung des Deutschen Historischen Museums in Berlin.<\/p>\n<p style=\"text-align: justify\">Wissen \u00fcber die Geschichte unseres deutschen Nationalstaats ist wichtig &#8211; aus diesem kann vor allem gelernt werden! Ein Geschichtsbewusstsein sollte jedem verdeutlichen, dass es gut ist, zu wissen woher man kommt bzw. wo die eigenen Wurzeln liegen. Ein Geschichtsbewusstsein sollte jedem jedoch auch verdeutlichen, dass es viel wichtiger ist, was man daraus macht. So k\u00f6nnen gegenw\u00e4rtige deutsche Generationen daf\u00fcr dankbar sein, in einem sicheren, entwickelten \u201eVaterland\u201c geboren zu sein. Dieses schafft der Mehrheit der Gesellschaft M\u00f6glichkeiten in Zeiten des Wiederaufkommens rechtsradikaler Parteien wie der AFD, der Verbreitung neuer Krankheiten wie COVID-19 oder der immer gr\u00f6\u00dfer werdenden Schere zwischen Arm und Reich durch z. B. eine gute Schulbildung, dagegen angehen zu k\u00f6nnen. Das Nationalbewusstsein oder die nationale Identit\u00e4t Deutschlands sollte sich also auf Tribute st\u00fctzen wie Offenheit, N\u00e4chstenliebe, Gastfreundschaft und Hilfsbereitschaft.<\/p>\n<p style=\"text-align: justify\">von Rosalie Katzur (8. Jhg.)<\/p>\n<p>&nbsp;<\/p>\n<p>Begriffe:<\/p>\n<p style=\"text-align: justify\">Nation: Der Begriff &#8222;Nation&#8220; kommt aus dem Lateinischen und meint zun\u00e4chst &#8222;Volk&#8220;. Die moderne Vorstellung von &#8222;Nation&#8220; bezeichnet eine gr\u00f6\u00dfere Gruppe von Menschen, die sich durch gleiche Sprache, Geschichte, Kultur und gleiches Recht verbunden f\u00fchlt.<\/p>\n<p style=\"text-align: justify\">Kulturnation: Der Begriff &#8222;Kulturnation&#8220; beschreibt eine Vorstellung, die unter einer Nation eine Gemeinschaft von Menschen begreift, die sich u.a. durch Sprache, Kultur und Religion miteinander verbunden f\u00fchlt.<\/p>\n<p style=\"text-align: justify\">Nationalstaat: Der Begriff &#8222;Nationalstaat&#8220; bezieht sich auf eine Nation (s.o.), die in einem Staat mit gemeinsames Regierung und Verfassung lebt.<\/p>\n<p>&nbsp;<\/p>\n<p><span style=\"font-size: 12pt\">Verwendete Literatur: <\/span><\/p>\n<ul>\n<li><span style=\"font-size: 12pt\">https:\/\/www.geschichte-abitur.de\/deutsches-kaiserreich\/reichsgrundung [09.04.2020]. <\/span><\/li>\n<li>https:\/\/www.geschichte-abitur.de\/biographien\/otto-von-bismarck [09.04.2020].<\/li>\n<li><span style=\"font-size: 12pt\">https:\/\/de.wikipedia.org\/wiki\/Des_Deutschen_Vaterland [09.04.2020]. <\/span><\/li>\n<li>https:\/\/de.wikipedia.org\/wiki\/Kulturnation [09.04.2020].<\/li>\n<li>https:\/\/de.wikipedia.org\/wiki\/Erstes_Kaiserreich [09.04.2020].<\/li>\n<li>https:\/\/de.wikipedia.org\/wiki\/Napoleon_Bonaparte [09.04.2020].<\/li>\n<li>https:\/\/de.wikipedia.org\/wiki\/Deutsches_Kaiserreich [09.04.2020].<\/li>\n<li><span style=\"font-size: 12pt\">Das waren Zeiten 3. Hrsg. von Harald Focke. Bamberg 2016, S. 74-77. <\/span><\/li>\n<li><span style=\"font-size: 12pt\">Geschichte und Geschehen 3\/4. Hrsg. von Michael Sauer, S. 98-101. <\/span><\/li>\n<\/ul>\n<p>&nbsp;<\/p>\n<p>&nbsp;<\/p>\n<p>&nbsp;<\/p>\n","protected":false},"excerpt":{"rendered":"<p>Sachsen, Preu\u00dfen, Hannoveraner, Bayern &#8211; Vor 1800 bot das Heilige R\u00f6mische Reich Deutscher Nation (HRRDN) eher ein Bild staatlicher Zersplitterung. Die Deutschen waren in Territorien unterschiedlichster Gr\u00f6\u00dfe aufgeteilt. Lediglich durch Sprache, Literatur und Kunst als &#8222;Kulturnation&#8220; geeint, waren die Deutschen weit davon entfernt, einen &#8222;Nationalstaat&#8220; zu bilden. Umso schwieriger war es auch, die Frage, die [&hellip;]<\/p>\n","protected":false},"author":9192496,"featured_media":923,"comment_status":"open","ping_status":"closed","sticky":false,"template":"","format":"standard","meta":{"footnotes":""},"categories":[16],"tags":[118,119,117,121,120],"class_list":["post-922","post","type-post","status-publish","format-standard","has-post-thumbnail","hentry","category-beitraege-aus-dem-unterricht","tag-deutschland","tag-napoleon","tag-nation","tag-nationalstaat","tag-vaterland"],"_links":{"self":[{"href":"https:\/\/wordpress.nibis.de\/leine85\/wp-json\/wp\/v2\/posts\/922","targetHints":{"allow":["GET"]}}],"collection":[{"href":"https:\/\/wordpress.nibis.de\/leine85\/wp-json\/wp\/v2\/posts"}],"about":[{"href":"https:\/\/wordpress.nibis.de\/leine85\/wp-json\/wp\/v2\/types\/post"}],"author":[{"embeddable":true,"href":"https:\/\/wordpress.nibis.de\/leine85\/wp-json\/wp\/v2\/users\/9192496"}],"replies":[{"embeddable":true,"href":"https:\/\/wordpress.nibis.de\/leine85\/wp-json\/wp\/v2\/comments?post=922"}],"version-history":[{"count":3,"href":"https:\/\/wordpress.nibis.de\/leine85\/wp-json\/wp\/v2\/posts\/922\/revisions"}],"predecessor-version":[{"id":926,"href":"https:\/\/wordpress.nibis.de\/leine85\/wp-json\/wp\/v2\/posts\/922\/revisions\/926"}],"wp:featuredmedia":[{"embeddable":true,"href":"https:\/\/wordpress.nibis.de\/leine85\/wp-json\/wp\/v2\/media\/923"}],"wp:attachment":[{"href":"https:\/\/wordpress.nibis.de\/leine85\/wp-json\/wp\/v2\/media?parent=922"}],"wp:term":[{"taxonomy":"category","embeddable":true,"href":"https:\/\/wordpress.nibis.de\/leine85\/wp-json\/wp\/v2\/categories?post=922"},{"taxonomy":"post_tag","embeddable":true,"href":"https:\/\/wordpress.nibis.de\/leine85\/wp-json\/wp\/v2\/tags?post=922"}],"curies":[{"name":"wp","href":"https:\/\/api.w.org\/{rel}","templated":true}]}}