{"id":942,"date":"2020-04-09T11:58:12","date_gmt":"2020-04-09T09:58:12","guid":{"rendered":"https:\/\/wordpress.nibis.de\/leine85\/?p=942"},"modified":"2020-04-09T12:02:26","modified_gmt":"2020-04-09T10:02:26","slug":"die-leine-wuenscht-allen-ein-sch","status":"publish","type":"post","link":"https:\/\/wordpress.nibis.de\/leine85\/die-leine-wuenscht-allen-ein-sch\/","title":{"rendered":"Die Leine w\u00fcnscht ALLEN eine sch\u00f6ne Fr\u00fchlingszeit und ein erholsames Osterfest"},"content":{"rendered":"<div class=\"gedicht\" align=\"center\">\n<h2 style=\"text-align: left\"><em><span style=\"font-size: 14pt;color: #0000ff\"><strong>Er ist&#8217;s<\/strong><\/span><\/em><\/h2>\n<\/div>\n<p class=\"gedicht\" style=\"text-align: left\" align=\"center\">Fr\u00fchling l\u00e4\u00dft sein blaues Band<br \/>\nWieder flattern durch die L\u00fcfte;<br \/>\nS\u00fc\u00dfe, wohlbekannte D\u00fcfte<br \/>\nStreifen ahnungsvoll das Land.<br \/>\nVeilchen tr\u00e4umen schon,<br \/>\nWollen balde kommen.<br \/>\n&#8211; Horch, von fern ein leiser Harfenton!<br \/>\nFr\u00fchling, ja du bist&#8217;s!<br \/>\nDich hab&#8216; ich vernommen!<\/p>\n<p class=\"gedicht\" style=\"text-align: left\" align=\"center\"><span style=\"font-size: 10pt\">(Entstanden 1829)<\/span><\/p>\n<p style=\"text-align: justify\">Das Gedicht von Eduard M\u00f6rike (1804-1875) ist eines der bekanntesten Gedichte zur Fr\u00fchlingszeit. Kaum einer von uns ist in der Schule an diesem Gedicht vorbeigekommen. Im Sinne M\u00f6rikes w\u00fcnschen wir Euch eine sch\u00f6ne Fr\u00fchlingszeit sowie ein frohes und erholsames Osterfest im Kreise Eurer Familie.<\/p>\n<p style=\"text-align: justify\">Bis bald und bleibt gesund!<\/p>\n<p>&#8211; Eure Leine-Redaktion<\/p>\n<p><span style=\"font-size: 10pt\">Gedicht zit. nach: https:\/\/www.deutschland-lese.de\/index.php?article_id=557 [09.04.2020].<\/span><\/p>\n","protected":false},"excerpt":{"rendered":"<p>Er ist&#8217;s Fr\u00fchling l\u00e4\u00dft sein blaues Band Wieder flattern durch die L\u00fcfte; S\u00fc\u00dfe, wohlbekannte D\u00fcfte Streifen ahnungsvoll das Land. Veilchen tr\u00e4umen schon, Wollen balde kommen. &#8211; Horch, von fern ein leiser Harfenton! Fr\u00fchling, ja du bist&#8217;s! Dich hab&#8216; ich vernommen! (Entstanden 1829) Das Gedicht von Eduard M\u00f6rike (1804-1875) ist eines der bekanntesten Gedichte zur Fr\u00fchlingszeit. [&hellip;]<\/p>\n","protected":false},"author":9192496,"featured_media":943,"comment_status":"open","ping_status":"closed","sticky":false,"template":"","format":"standard","meta":{"footnotes":""},"categories":[27,1],"tags":[124,29,123,122],"class_list":["post-942","post","type-post","status-publish","format-standard","has-post-thumbnail","hentry","category-news","category-schule","tag-eduard-moerike","tag-fruehling","tag-gedicht","tag-ostern"],"_links":{"self":[{"href":"https:\/\/wordpress.nibis.de\/leine85\/wp-json\/wp\/v2\/posts\/942","targetHints":{"allow":["GET"]}}],"collection":[{"href":"https:\/\/wordpress.nibis.de\/leine85\/wp-json\/wp\/v2\/posts"}],"about":[{"href":"https:\/\/wordpress.nibis.de\/leine85\/wp-json\/wp\/v2\/types\/post"}],"author":[{"embeddable":true,"href":"https:\/\/wordpress.nibis.de\/leine85\/wp-json\/wp\/v2\/users\/9192496"}],"replies":[{"embeddable":true,"href":"https:\/\/wordpress.nibis.de\/leine85\/wp-json\/wp\/v2\/comments?post=942"}],"version-history":[{"count":7,"href":"https:\/\/wordpress.nibis.de\/leine85\/wp-json\/wp\/v2\/posts\/942\/revisions"}],"predecessor-version":[{"id":945,"href":"https:\/\/wordpress.nibis.de\/leine85\/wp-json\/wp\/v2\/posts\/942\/revisions\/945"}],"wp:featuredmedia":[{"embeddable":true,"href":"https:\/\/wordpress.nibis.de\/leine85\/wp-json\/wp\/v2\/media\/943"}],"wp:attachment":[{"href":"https:\/\/wordpress.nibis.de\/leine85\/wp-json\/wp\/v2\/media?parent=942"}],"wp:term":[{"taxonomy":"category","embeddable":true,"href":"https:\/\/wordpress.nibis.de\/leine85\/wp-json\/wp\/v2\/categories?post=942"},{"taxonomy":"post_tag","embeddable":true,"href":"https:\/\/wordpress.nibis.de\/leine85\/wp-json\/wp\/v2\/tags?post=942"}],"curies":[{"name":"wp","href":"https:\/\/api.w.org\/{rel}","templated":true}]}}