{"id":987,"date":"2020-06-14T22:32:32","date_gmt":"2020-06-14T20:32:32","guid":{"rendered":"https:\/\/wordpress.nibis.de\/leine85\/?p=987"},"modified":"2020-06-15T19:03:08","modified_gmt":"2020-06-15T17:03:08","slug":"sonnenstich-affenschmalz-knueppeldick-ein-beitrag-zu-frank-wedekind","status":"publish","type":"post","link":"https:\/\/wordpress.nibis.de\/leine85\/sonnenstich-affenschmalz-knueppeldick-ein-beitrag-zu-frank-wedekind\/","title":{"rendered":"\u201eSonnenstich, Affenschmalz, Kn\u00fcppeldick\u201c \u2013  ein Beitrag zu Frank Wedekind"},"content":{"rendered":"<header class=\"entry-header\">\n<div id=\"972eb046-06af-4755-a389-1a258c643495\" class=\"_ap_apex_ad\" data-section=\"972eb046-06af-4755-a389-1a258c643495\" data-xpath=\".entry-title\" data-section-id=\"\" data-render-time=\"1592164890490\" data-refresh-time=\"1592164890492\" data-timeout=\"37\">\n<div id=\"ADP_38556_900X90_972eb046-06af-4755-a389-1a258c643495\" data-google-query-id=\"CIuFiLaMguoCFWSEOAodanUNnA\">\n<div id=\"google_ads_iframe_\/103512698\/21880252797_0__container__\">\n<div id=\"content\" role=\"main\">\n<article id=\"frank-wedekind\">\n<div class=\"summary\">\n<p style=\"text-align: justify\"><strong>Frank Wedekind (1864\u20131918) ist ein deutscher Schriftsteller der Moderne, der insbesondere mit seinen Theaterst\u00fccken <\/strong><strong>scharfe Gesellschaftskritik aus\u00fcbte. Obwohl viele seiner Texte zeitweise zensiert wurden, geh\u00f6ren seine <\/strong><strong>Dramen zu den am h\u00e4ufigsten gespielten vor und nach dem Ersten Weltkrieg (1914-1918).<\/strong><\/p>\n<figure id=\"attachment_991\" aria-describedby=\"caption-attachment-991\" style=\"width: 200px\" class=\"wp-caption alignleft\"><img loading=\"lazy\" decoding=\"async\" class=\"wp-image-991 size-full\" src=\"https:\/\/wordpress.nibis.de\/leine85\/files\/2020\/06\/Frank_Wedekind.jpg\" alt=\"\" width=\"200\" height=\"291\" \/><figcaption id=\"caption-attachment-991\" class=\"wp-caption-text\">Frank Wedekind<\/figcaption><\/figure>\n<\/div>\n<\/article>\n<\/div>\n<\/div>\n<\/div>\n<\/div>\n<\/header>\n<p style=\"text-align: justify\">Am 24. Juli 1864 wird Benjamin Franklin Wedekind in Hannover als eines von sechs Kindern des Arztes Friedrich Wilhelm Wedekind und dessen Frau Emilie geboren. In der Schweiz besucht Wedekind 1871 die Lanzburger Gemeindeschule, bekommt jedoch ab dem Jahr 1881 Privatunterricht, da er schulische Probleme hat. Nach seinem Abitur studiert Wedekind in Lausanne deutsche und franz\u00f6sische Literatur, bricht dies aber auf Wunsch seines Vaters ab und studiert daraufhin Jura in M\u00fcnchen. Das Jurastudium bricht Wedekind dann aber auch ab und arbeitet, um seinen Lebensunterhalt zu bestreiten, in der Werbeagentur von \u201eMaggie\u201c. 1888 setzt Wedekind dann doch sein Jurastudium fort, welches er kurz darauf, nach dem Tod seines Vaters Friedrich, nochmals abbricht, da er sich wegen der gro\u00dfen Erbschaft des Vaters ein Leben als freier Schriftsteller erm\u00f6glichen kann.<\/p>\n<p style=\"text-align: justify\">Benjamin Franklin Wedekind hat insgesamt vier Kinder, eines davon hat er aus der Beziehung mit Frida Strindberg, ein weiteres mit seinem Hausm\u00e4dchen und die anderen beiden Kinder aus der Ehe mit der Schauspielerin Tilly News. Allgemein reist Wedekind viel und gerne. So ist er in St\u00e4dten wie Z\u00fcrich, M\u00fcnchen, London, Paris, Darmstadt oder auch Dresden unterwegs. Wedekind wird au\u00dferdem von der Polizei verfolgt und wegen \u201eMajest\u00e4tsbeleidigung\u201c verhaftet, da er ein satirisches Gedicht ver\u00f6ffentlicht hat. Im Ersten Weltkrieg werden zahlreiche St\u00fccke des Schriftstellers verboten. Insgesamt schrieb Wedekind um die 30 Werke, darunter Gedichte und Erz\u00e4hlungen, aber auch viele Dramen wie z.B. &#8222;Fr\u00fchlings Erwachen&#8220;.<\/p>\n<figure id=\"attachment_990\" aria-describedby=\"caption-attachment-990\" style=\"width: 315px\" class=\"wp-caption alignright\"><img loading=\"lazy\" decoding=\"async\" class=\"wp-image-990\" src=\"https:\/\/wordpress.nibis.de\/leine85\/files\/2020\/06\/3352969085_0cfce466bb_b-300x300.jpg\" alt=\"\" width=\"315\" height=\"315\" srcset=\"https:\/\/wordpress.nibis.de\/leine85\/files\/2020\/06\/3352969085_0cfce466bb_b-300x300.jpg 300w, https:\/\/wordpress.nibis.de\/leine85\/files\/2020\/06\/3352969085_0cfce466bb_b-150x150.jpg 150w, https:\/\/wordpress.nibis.de\/leine85\/files\/2020\/06\/3352969085_0cfce466bb_b-160x160.jpg 160w, https:\/\/wordpress.nibis.de\/leine85\/files\/2020\/06\/3352969085_0cfce466bb_b-320x320.jpg 320w\" sizes=\"auto, (max-width: 315px) 100vw, 315px\" \/><figcaption id=\"caption-attachment-990\" class=\"wp-caption-text\">Melchior Gabor mit seinem &#8222;kopflosen&#8220; besten Freund Moritz Stiefel auf der B\u00fchne.<\/figcaption><\/figure>\n<p style=\"text-align: justify\">1891 stellt Wedekind das Drama <strong>\u201eFr\u00fchlings Erwachen\u201c<\/strong> in Z\u00fcrich fertig. In dem Drama, welches h\u00e4ufig in Schulen gelesen wird, geht es um enormen schulischen Druck, die im Kaiserreich herrschende Sexualmoral, fehlende Aufkl\u00e4rung sowie Suizide in dieser Zeit. Die Lehrer in diesem St\u00fcck hei\u00dfen &#8222;Sonnenstich&#8220;, &#8222;Affenschmalz&#8220;, &#8222;Kn\u00fcppeldick&#8220;, &#8222;Knochenbruch&#8220; und &#8222;Hungergurt&#8220;. Die Namen sind Programm &#8211; und dieses\u00a0 ist nicht unbedingt lustig gemeint. Besonders Moritz Stiefel hat Probleme in der Schule. Wegen der Kritik, die Wedekind durch das Drama \u201eFr\u00fchlings Erwachen\u201c auf die Gesellschaft aus\u00fcbt, wird das Drama nach seiner Urauff\u00fchrung 1906 bis 1912 verboten. Au\u00dferdem wird im gleichen Jahr die Buchausgabe des Verlags wegen Unz\u00fcchtigkeiten verboten. Dennoch ist das Drama \u201eFr\u00fchlings Erwachen\u201c sehr aktuell, da Jugendliche auch heutzutage solche Sorgen haben. Trotz Aufkl\u00e4rung und Internet, spielt auch heute bei Jugendlichen der Schuldruck, die Liebe und die Auseinandersetzung mit den Eltern eine sehr gro\u00dfe Rolle.<\/p>\n<p style=\"text-align: justify\">Am 9. M\u00e4rz 1918 verstarb der Dichter und Lyriker Frank Wedekind im Alter von 54 Jahren. Er wurde in M\u00fcnchen bestattet. Seine gesellschaftskritischen Theaterst\u00fccke geh\u00f6ren zu den am h\u00e4ufigsten gespielten vor und nach dem Ersten Weltkrieg (1914-1918), dabei sorgte insbesondere das St\u00fcck &#8222;Fr\u00fchlings Erwachen&#8220; immer wieder f\u00fcr gro\u00dfes Aufsehen. Und heute, nach mehr als 100 Jahren, k\u00f6nnen wir uns immer noch auf dieses Werk, dank seiner Zeitlosigkeit, besinnen.<\/p>\n<p>von Johanna Rasch, 9G3<\/p>\n<p>&nbsp;<\/p>\n","protected":false},"excerpt":{"rendered":"<p>Frank Wedekind (1864\u20131918) ist ein deutscher Schriftsteller der Moderne, der insbesondere mit seinen Theaterst\u00fccken scharfe Gesellschaftskritik aus\u00fcbte. Obwohl viele seiner Texte zeitweise zensiert wurden, geh\u00f6ren seine Dramen zu den am h\u00e4ufigsten gespielten vor und nach dem Ersten Weltkrieg (1914-1918). Am 24. Juli 1864 wird Benjamin Franklin Wedekind in Hannover als eines von sechs Kindern des [&hellip;]<\/p>\n","protected":false},"author":9192496,"featured_media":990,"comment_status":"open","ping_status":"closed","sticky":false,"template":"","format":"standard","meta":{"footnotes":""},"categories":[16],"tags":[134,133,135],"class_list":["post-987","post","type-post","status-publish","format-standard","has-post-thumbnail","hentry","category-beitraege-aus-dem-unterricht","tag-drama","tag-frank-wedekind","tag-fruehlings-erwachen"],"_links":{"self":[{"href":"https:\/\/wordpress.nibis.de\/leine85\/wp-json\/wp\/v2\/posts\/987","targetHints":{"allow":["GET"]}}],"collection":[{"href":"https:\/\/wordpress.nibis.de\/leine85\/wp-json\/wp\/v2\/posts"}],"about":[{"href":"https:\/\/wordpress.nibis.de\/leine85\/wp-json\/wp\/v2\/types\/post"}],"author":[{"embeddable":true,"href":"https:\/\/wordpress.nibis.de\/leine85\/wp-json\/wp\/v2\/users\/9192496"}],"replies":[{"embeddable":true,"href":"https:\/\/wordpress.nibis.de\/leine85\/wp-json\/wp\/v2\/comments?post=987"}],"version-history":[{"count":7,"href":"https:\/\/wordpress.nibis.de\/leine85\/wp-json\/wp\/v2\/posts\/987\/revisions"}],"predecessor-version":[{"id":998,"href":"https:\/\/wordpress.nibis.de\/leine85\/wp-json\/wp\/v2\/posts\/987\/revisions\/998"}],"wp:featuredmedia":[{"embeddable":true,"href":"https:\/\/wordpress.nibis.de\/leine85\/wp-json\/wp\/v2\/media\/990"}],"wp:attachment":[{"href":"https:\/\/wordpress.nibis.de\/leine85\/wp-json\/wp\/v2\/media?parent=987"}],"wp:term":[{"taxonomy":"category","embeddable":true,"href":"https:\/\/wordpress.nibis.de\/leine85\/wp-json\/wp\/v2\/categories?post=987"},{"taxonomy":"post_tag","embeddable":true,"href":"https:\/\/wordpress.nibis.de\/leine85\/wp-json\/wp\/v2\/tags?post=987"}],"curies":[{"name":"wp","href":"https:\/\/api.w.org\/{rel}","templated":true}]}}