{"id":115,"date":"2005-02-12T14:55:22","date_gmt":"2008-08-24T21:15:20","guid":{"rendered":"https:\/\/wordpress.nibis.de\/martinus\/2005\/02\/12\/ministerpraesident-christian-wulff-in-rathaus\/"},"modified":"2005-02-12T14:55:22","modified_gmt":"2008-08-24T21:15:20","slug":"ministerpraesident-christian-wulff-in-rathaus","status":"publish","type":"post","link":"https:\/\/wordpress.nibis.de\/martinus\/ministerpraesident-christian-wulff-in-rathaus\/","title":{"rendered":"Ministerpr\u00e4sident Christian Wulff in Rathaus"},"content":{"rendered":"<h1>Ministerpr\u00e4sident Christian Wulff in Rathaus<\/h1>\n<p class=\"txt\">Exakt <span>14247\u20ac<\/span> haben die Hildesheimer Schulen bei der Weihnachtsmarktaktion f\u00fcr krebskranke Kinder gesammelt.<\/p>\n<p><img decoding=\"async\" alt=\"Christian-Wulff-Eintrag-ins-Goldene-Buch\" src=\"https:\/\/wordpress.nibis.de\/martinus\/files\/2019\/01\/ministerpraesident_2.jpg\" align=\"middle\" border=\"0\" \/><\/p>\n<p class=\"txt\">Die St. &#8211; Martinus &#8211; Schule war mit einem Verkaufsergebnis von <span>693,78\u20ac<\/span> dabei. Das beeindruckte sogar Ministerpr\u00e4sident Christian Wulff so, dass er ins Hildesheimer Rathaus kam, um Sch\u00fclern, Lehrern und Eltern zu danken.<\/p>\n<p><img decoding=\"async\" style=\"width:298px;height:302px\" alt=\"Christina-Wulff-Werner-Weber\" src=\"https:\/\/wordpress.nibis.de\/martinus\/files\/2019\/01\/ministerpraesident.jpg\" border=\"0\" \/> <img decoding=\"async\" style=\"width:302px;height:189px\" alt=\"ChristinaWulffWernerWeber\" src=\"https:\/\/wordpress.nibis.de\/martinus\/files\/2019\/01\/ministerpraesident_1.jpg\" border=\"0\" \/><\/p>\n<p class=\"txt\">Der Ministerpr\u00e4sident im Gespr\u00e4ch mit dem Schulleiter der St. &#8211; Martinus &#8211; Schule.<\/p>\n<p class=\"txt\">\n","protected":false},"excerpt":{"rendered":"<p>Ministerpr\u00e4sident Christian Wulff in Rathaus Exakt 14247\u20ac haben die Hildesheimer Schulen bei der Weihnachtsmarktaktion f\u00fcr krebskranke Kinder gesammelt. Die St. &#8211; Martinus &#8211; Schule war mit einem Verkaufsergebnis von 693,78\u20ac dabei. Das beeindruckte sogar Ministerpr\u00e4sident Christian Wulff so, dass er ins Hildesheimer Rathaus kam, um Sch\u00fclern, Lehrern und Eltern zu danken. Der Ministerpr\u00e4sident im Gespr\u00e4ch &hellip; <a href=\"https:\/\/wordpress.nibis.de\/martinus\/ministerpraesident-christian-wulff-in-rathaus\/\" class=\"more-link\"><span class=\"screen-reader-text\">Ministerpr\u00e4sident Christian Wulff in Rathaus<\/span> weiterlesen<\/a><\/p>\n","protected":false},"author":953,"featured_media":0,"comment_status":"open","ping_status":"open","sticky":false,"template":"","format":"standard","meta":{"footnotes":""},"categories":[1],"tags":[],"class_list":["post-115","post","type-post","status-publish","format-standard","hentry","category-allgemein"],"_links":{"self":[{"href":"https:\/\/wordpress.nibis.de\/martinus\/wp-json\/wp\/v2\/posts\/115","targetHints":{"allow":["GET"]}}],"collection":[{"href":"https:\/\/wordpress.nibis.de\/martinus\/wp-json\/wp\/v2\/posts"}],"about":[{"href":"https:\/\/wordpress.nibis.de\/martinus\/wp-json\/wp\/v2\/types\/post"}],"author":[{"embeddable":true,"href":"https:\/\/wordpress.nibis.de\/martinus\/wp-json\/wp\/v2\/users\/953"}],"replies":[{"embeddable":true,"href":"https:\/\/wordpress.nibis.de\/martinus\/wp-json\/wp\/v2\/comments?post=115"}],"version-history":[{"count":0,"href":"https:\/\/wordpress.nibis.de\/martinus\/wp-json\/wp\/v2\/posts\/115\/revisions"}],"wp:attachment":[{"href":"https:\/\/wordpress.nibis.de\/martinus\/wp-json\/wp\/v2\/media?parent=115"}],"wp:term":[{"taxonomy":"category","embeddable":true,"href":"https:\/\/wordpress.nibis.de\/martinus\/wp-json\/wp\/v2\/categories?post=115"},{"taxonomy":"post_tag","embeddable":true,"href":"https:\/\/wordpress.nibis.de\/martinus\/wp-json\/wp\/v2\/tags?post=115"}],"curies":[{"name":"wp","href":"https:\/\/api.w.org\/{rel}","templated":true}]}}