{"id":305,"date":"2009-12-13T18:59:20","date_gmt":"2009-12-21T13:11:42","guid":{"rendered":"https:\/\/wordpress.nibis.de\/martinus\/2009\/12\/13\/klasse-4-2010-besuch-der-fachschule-fuer-holztechnik\/"},"modified":"2009-12-13T18:59:20","modified_gmt":"2009-12-21T13:11:42","slug":"klasse-4-2010-besuch-der-fachschule-fuer-holztechnik","status":"publish","type":"post","link":"https:\/\/wordpress.nibis.de\/martinus\/klasse-4-2010-besuch-der-fachschule-fuer-holztechnik\/","title":{"rendered":"Klasse 4 -2010-: Besuch der Fachschule f\u00fcr Holztechnik"},"content":{"rendered":"<p class=\"txt\" align=\"center\"><strong>Besuch in der Fachschule f\u00fcr Holztechnik &amp; Design<\/strong><\/p>\n<p class=\"txt\" align=\"center\">&#8211; Ein Bericht von unseren Sch\u00fclerreportern &#8211;<\/p>\n<p class=\"txt\" align=\"center\"><img decoding=\"async\" title=\"title\" alt=\"alt\" src=\"https:\/\/wordpress.nibis.de\/martinus\/files\/2019\/01\/Holz2.jpg\" \/><\/p>\n<p class=\"txt\" align=\"center\">Es ist sehr interessant, wieviel Technik an einem St\u00fcck Holz h\u00e4ngt.<\/p>\n<p class=\"txt\">\n<p class=\"txt\"><img decoding=\"async\" title=\"title\" alt=\"alt\" src=\"https:\/\/wordpress.nibis.de\/martinus\/files\/2019\/01\/Holz3.jpg\" \/><\/p>\n<p class=\"txt\">Patrick &amp; Jonas bekommen das Holz nicht ab, weil es festgesaugt wird.<\/p>\n<p class=\"txt\"><img decoding=\"async\" title=\"title\" alt=\"alt\" src=\"https:\/\/wordpress.nibis.de\/martinus\/files\/2019\/01\/Holz6.jpg\" \/><\/p>\n<p class=\"txt\">Mit diesen Kugeln kann man auch das schwerste Brett locker bewegen.<\/p>\n<p class=\"txt\"><img decoding=\"async\" title=\"title\" alt=\"alt\" src=\"https:\/\/wordpress.nibis.de\/martinus\/files\/2019\/01\/Holz10.jpg\" \/><\/p>\n<p class=\"txt\">Hier wird Funierholz zugeschnitten.<\/p>\n<p class=\"txt\"><img decoding=\"async\" title=\"title\" alt=\"alt\" src=\"https:\/\/wordpress.nibis.de\/martinus\/files\/2019\/01\/Holz12.jpg\" \/><\/p>\n<p class=\"txt\">Hier wird uns gezeigt wie man lackiert.<\/p>\n<p class=\"txt\"><img decoding=\"async\" title=\"title\" alt=\"alt\" src=\"https:\/\/wordpress.nibis.de\/martinus\/files\/2019\/01\/Holz13.jpg\" \/><\/p>\n<p class=\"txt\">Er hat uns gezeigt, wo man beim Lackieren anf\u00e4ngt.<\/p>\n<p class=\"txt\"><img decoding=\"async\" title=\"title\" alt=\"alt\" src=\"https:\/\/wordpress.nibis.de\/martinus\/files\/2019\/01\/Holz14.jpg\" \/><\/p>\n<p class=\"txt\">Im H\u00f6rsaal machen wir eine Fr\u00fchst\u00fcckspause.<\/p>\n<p class=\"txt\"><img decoding=\"async\" title=\"title\" alt=\"alt\" src=\"https:\/\/wordpress.nibis.de\/martinus\/files\/2019\/01\/Holz17.jpg\" \/><\/p>\n<p class=\"txt\">Eine Reporterin von der Hildesheimer Allgemeinen Zeitung interviewt uns.<\/p>\n<p class=\"txt\"><img decoding=\"async\" title=\"title\" alt=\"alt\" src=\"https:\/\/wordpress.nibis.de\/martinus\/files\/2019\/01\/Holz18.jpg\" \/><\/p>\n<p class=\"txt\">Hier wird uns gezeigt wie man drexelt.<\/p>\n<p class=\"txt\">Der Ausflug hat viel Spa\u00df gemacht. Vielen Dank f\u00fcr die tolle F\u00fchrung!<\/p>\n<p class=\"txt\">\n<p class=\"txt\">von Christian, Kai, Philip, Gabriel &amp; Jannik<\/p>\n","protected":false},"excerpt":{"rendered":"<p>Besuch in der Fachschule f\u00fcr Holztechnik &amp; Design &#8211; Ein Bericht von unseren Sch\u00fclerreportern &#8211; Es ist sehr interessant, wieviel Technik an einem St\u00fcck Holz h\u00e4ngt. Patrick &amp; Jonas bekommen das Holz nicht ab, weil es festgesaugt wird. Mit diesen Kugeln kann man auch das schwerste Brett locker bewegen. Hier wird Funierholz zugeschnitten. Hier wird &hellip; <a href=\"https:\/\/wordpress.nibis.de\/martinus\/klasse-4-2010-besuch-der-fachschule-fuer-holztechnik\/\" class=\"more-link\"><span class=\"screen-reader-text\">Klasse 4 -2010-: Besuch der Fachschule f\u00fcr Holztechnik<\/span> weiterlesen<\/a><\/p>\n","protected":false},"author":9192934,"featured_media":0,"comment_status":"open","ping_status":"open","sticky":false,"template":"","format":"standard","meta":{"footnotes":""},"categories":[5],"tags":[],"class_list":["post-305","post","type-post","status-publish","format-standard","hentry","category-archiv"],"_links":{"self":[{"href":"https:\/\/wordpress.nibis.de\/martinus\/wp-json\/wp\/v2\/posts\/305","targetHints":{"allow":["GET"]}}],"collection":[{"href":"https:\/\/wordpress.nibis.de\/martinus\/wp-json\/wp\/v2\/posts"}],"about":[{"href":"https:\/\/wordpress.nibis.de\/martinus\/wp-json\/wp\/v2\/types\/post"}],"author":[{"embeddable":true,"href":"https:\/\/wordpress.nibis.de\/martinus\/wp-json\/wp\/v2\/users\/9192934"}],"replies":[{"embeddable":true,"href":"https:\/\/wordpress.nibis.de\/martinus\/wp-json\/wp\/v2\/comments?post=305"}],"version-history":[{"count":0,"href":"https:\/\/wordpress.nibis.de\/martinus\/wp-json\/wp\/v2\/posts\/305\/revisions"}],"wp:attachment":[{"href":"https:\/\/wordpress.nibis.de\/martinus\/wp-json\/wp\/v2\/media?parent=305"}],"wp:term":[{"taxonomy":"category","embeddable":true,"href":"https:\/\/wordpress.nibis.de\/martinus\/wp-json\/wp\/v2\/categories?post=305"},{"taxonomy":"post_tag","embeddable":true,"href":"https:\/\/wordpress.nibis.de\/martinus\/wp-json\/wp\/v2\/tags?post=305"}],"curies":[{"name":"wp","href":"https:\/\/api.w.org\/{rel}","templated":true}]}}