{"id":307,"date":"2009-12-13T19:33:51","date_gmt":"2009-12-27T09:09:40","guid":{"rendered":"https:\/\/wordpress.nibis.de\/martinus\/2009\/12\/13\/klasse-4-2010-besuch-im-solarinstutut-hameln-isfh\/"},"modified":"2009-12-13T19:33:51","modified_gmt":"2009-12-27T09:09:40","slug":"klasse-4-2010-besuch-im-solarinstutut-hameln-isfh","status":"publish","type":"post","link":"https:\/\/wordpress.nibis.de\/martinus\/klasse-4-2010-besuch-im-solarinstutut-hameln-isfh\/","title":{"rendered":"Klasse 4 -2010-: Besuch im Solarinstutut Hameln &#8211; ISFH"},"content":{"rendered":"<p align=\"center\" class=\"txt\">\n<p align=\"left\" class=\"txt\"><font color=\"#ff6600\">Unsere Sch\u00fclerreporter berichten vom Besuch im Institut f\u00fcr Solarforschung Hameln (ISFH)<\/font>                              <img decoding=\"async\" title=\"title\" alt=\"alt\" src=\"https:\/\/wordpress.nibis.de\/martinus\/files\/2019\/01\/sonne_0090.gif\" \/><\/p>\n<p align=\"center\" class=\"txt\"><img decoding=\"async\" title=\"title\" alt=\"alt\" src=\"https:\/\/wordpress.nibis.de\/martinus\/files\/2019\/01\/ISFH1.jpg\" \/><\/p>\n<p align=\"center\" class=\"txt\"><img decoding=\"async\" title=\"title\" alt=\"alt\" src=\"https:\/\/wordpress.nibis.de\/martinus\/files\/2019\/01\/sonne_0014.gif\" \/><\/p>\n<p class=\"txt\"><img decoding=\"async\" title=\"title\" alt=\"alt\" src=\"https:\/\/wordpress.nibis.de\/martinus\/files\/2019\/01\/ISFH2.jpg\" \/><\/p>\n<p class=\"txt\">Zuerst sa\u00dfen wir im H\u00f6rsaal.<\/p>\n<p class=\"txt\"><img decoding=\"async\" title=\"title\" alt=\"alt\" src=\"https:\/\/wordpress.nibis.de\/martinus\/files\/2019\/01\/ISFH3.jpg\" \/><\/p>\n<p class=\"txt\">Wir haben uns angeh\u00f6rt, woraus Solarzellen hergestellt werden.<\/p>\n<p class=\"txt\"><img decoding=\"async\" title=\"title\" alt=\"alt\" src=\"https:\/\/wordpress.nibis.de\/martinus\/files\/2019\/01\/ISFH5.jpg\" \/><\/p>\n<p class=\"txt\">Dies ist der Reinraum.<\/p>\n<p class=\"txt\"><img decoding=\"async\" title=\"title\" alt=\"alt\" src=\"https:\/\/wordpress.nibis.de\/martinus\/files\/2019\/01\/ISFH6.jpg\" \/><\/p>\n<p class=\"txt\">In diesem Raum gibt es fast keinen Staub.<\/p>\n<p class=\"txt\"><img decoding=\"async\" title=\"title\" alt=\"alt\" src=\"https:\/\/wordpress.nibis.de\/martinus\/files\/2019\/01\/ISFH7.jpg\" \/><\/p>\n<p class=\"txt\">Wir h\u00f6ren aufmerksam zu.<\/p>\n<p class=\"txt\"><img decoding=\"async\" title=\"title\" alt=\"alt\" src=\"https:\/\/wordpress.nibis.de\/martinus\/files\/2019\/01\/ISFH8.jpg\" \/><\/p>\n<p class=\"txt\">Hier ist die Werkstatt.<\/p>\n<p class=\"txt\"><img decoding=\"async\" title=\"title\" alt=\"alt\" src=\"https:\/\/wordpress.nibis.de\/martinus\/files\/2019\/01\/ISFH12.jpg\" \/><\/p>\n<p class=\"txt\">Hier f\u00fcllen Tessa und Greta ein L\u00f6sungsblatt aus.<\/p>\n<p class=\"txt\"><img decoding=\"async\" title=\"title\" alt=\"alt\" src=\"https:\/\/wordpress.nibis.de\/martinus\/files\/2019\/01\/ISFH17.jpg\" \/><\/p>\n<p class=\"txt\">Jonas.W., Jonas.M., Kai machen ein solarangetriebenes Radio.<\/p>\n<p class=\"txt\"><img decoding=\"async\" title=\"title\" alt=\"alt\" src=\"https:\/\/wordpress.nibis.de\/martinus\/files\/2019\/01\/ISFH19.jpg\" \/><\/p>\n<p class=\"txt\">Jonas.W und Andriko versuchen einen Propeller anzukriegen.<\/p>\n<p class=\"txt\"><img decoding=\"async\" title=\"title\" alt=\"alt\" src=\"https:\/\/wordpress.nibis.de\/martinus\/files\/2019\/01\/ISFH23.jpg\" \/><\/p>\n<p class=\"txt\">Wir mussten alles mitschreiben.<\/p>\n<p class=\"txt\"><img decoding=\"async\" title=\"title\" alt=\"alt\" src=\"https:\/\/wordpress.nibis.de\/martinus\/files\/2019\/01\/ISFH21.jpg\" \/><\/p>\n<p class=\"txt\">Es war sehr interessant im Solarinstitut. <img decoding=\"async\" title=\"title\" alt=\"alt\" src=\"https:\/\/wordpress.nibis.de\/martinus\/files\/2019\/01\/sonne_0131.gif\" \/><\/p>\n<p class=\"txt\"><font color=\"#cc3300\" size=\"5\">Vielen Dank f\u00fcr den tollen Vormittag!<\/font><\/p>\n<p class=\"txt\">\n<p class=\"txt\">\n<p class=\"txt\">\n<p class=\"txt\">\n<p class=\"txt\">\n<p class=\"txt\">\n<p class=\"txt\">\n<p class=\"txt\">\n<p class=\"txt\">\n<p class=\"txt\">\n<p class=\"txt\">\n<p class=\"txt\">\n<p class=\"txt\">\n<p class=\"txt\">\n","protected":false},"excerpt":{"rendered":"<p>Unsere Sch\u00fclerreporter berichten vom Besuch im Institut f\u00fcr Solarforschung Hameln (ISFH) Zuerst sa\u00dfen wir im H\u00f6rsaal. Wir haben uns angeh\u00f6rt, woraus Solarzellen hergestellt werden. Dies ist der Reinraum. In diesem Raum gibt es fast keinen Staub. Wir h\u00f6ren aufmerksam zu. Hier ist die Werkstatt. Hier f\u00fcllen Tessa und Greta ein L\u00f6sungsblatt aus. Jonas.W., Jonas.M., Kai &hellip; <a href=\"https:\/\/wordpress.nibis.de\/martinus\/klasse-4-2010-besuch-im-solarinstutut-hameln-isfh\/\" class=\"more-link\"><span class=\"screen-reader-text\">Klasse 4 -2010-: Besuch im Solarinstutut Hameln &#8211; ISFH<\/span> weiterlesen<\/a><\/p>\n","protected":false},"author":9192934,"featured_media":0,"comment_status":"open","ping_status":"open","sticky":false,"template":"","format":"standard","meta":{"footnotes":""},"categories":[5],"tags":[],"class_list":["post-307","post","type-post","status-publish","format-standard","hentry","category-archiv"],"_links":{"self":[{"href":"https:\/\/wordpress.nibis.de\/martinus\/wp-json\/wp\/v2\/posts\/307","targetHints":{"allow":["GET"]}}],"collection":[{"href":"https:\/\/wordpress.nibis.de\/martinus\/wp-json\/wp\/v2\/posts"}],"about":[{"href":"https:\/\/wordpress.nibis.de\/martinus\/wp-json\/wp\/v2\/types\/post"}],"author":[{"embeddable":true,"href":"https:\/\/wordpress.nibis.de\/martinus\/wp-json\/wp\/v2\/users\/9192934"}],"replies":[{"embeddable":true,"href":"https:\/\/wordpress.nibis.de\/martinus\/wp-json\/wp\/v2\/comments?post=307"}],"version-history":[{"count":0,"href":"https:\/\/wordpress.nibis.de\/martinus\/wp-json\/wp\/v2\/posts\/307\/revisions"}],"wp:attachment":[{"href":"https:\/\/wordpress.nibis.de\/martinus\/wp-json\/wp\/v2\/media?parent=307"}],"wp:term":[{"taxonomy":"category","embeddable":true,"href":"https:\/\/wordpress.nibis.de\/martinus\/wp-json\/wp\/v2\/categories?post=307"},{"taxonomy":"post_tag","embeddable":true,"href":"https:\/\/wordpress.nibis.de\/martinus\/wp-json\/wp\/v2\/tags?post=307"}],"curies":[{"name":"wp","href":"https:\/\/api.w.org\/{rel}","templated":true}]}}