{"id":490,"date":"2014-09-13T12:25:14","date_gmt":"2014-09-13T10:25:14","guid":{"rendered":"https:\/\/wordpress.nibis.de\/martinus\/2014\/09\/13\/kalsse-4-2018-einschulung-2014\/"},"modified":"2014-09-13T12:25:14","modified_gmt":"2014-09-13T10:25:14","slug":"kalsse-4-2018-einschulung-2014","status":"publish","type":"post","link":"https:\/\/wordpress.nibis.de\/martinus\/kalsse-4-2018-einschulung-2014\/","title":{"rendered":"Klasse 4 -2018-: Einschulung 2014"},"content":{"rendered":"<h3 align=\"center\" class=\"txt\"><font size=\"6\"><font color=\"#339900\">Wir begr\u00fc\u00dfen unsere neuen Erstkl\u00e4ssler<\/font><br \/>\n<\/font><\/h3>\n<p align=\"center\" class=\"txt\"><img loading=\"lazy\" decoding=\"async\" width=\"640\" height=\"428\" src=\"https:\/\/wordpress.nibis.de\/martinus\/files\/2019\/01\/Klassenfoto_Einschulung_klein.jpg\" alt=\"alt\" title=\"title\" \/> <\/p>\n<h3 align=\"center\" class=\"txt\"><font color=\"#339900\">Was wohl in den gro\u00dfen Schult\u00fcten verborgen ist? <\/font><\/h3>\n<h3 align=\"center\" class=\"txt\"><font color=\"#339900\">Am Montag werdet ihr berichten! <\/font><br \/>\n<\/h3>\n","protected":false},"excerpt":{"rendered":"<p>Wir begr\u00fc\u00dfen unsere neuen Erstkl\u00e4ssler Was wohl in den gro\u00dfen Schult\u00fcten verborgen ist? Am Montag werdet ihr berichten!<\/p>\n","protected":false},"author":9192934,"featured_media":0,"comment_status":"open","ping_status":"open","sticky":false,"template":"","format":"standard","meta":{"footnotes":""},"categories":[5],"tags":[],"class_list":["post-490","post","type-post","status-publish","format-standard","hentry","category-archiv"],"_links":{"self":[{"href":"https:\/\/wordpress.nibis.de\/martinus\/wp-json\/wp\/v2\/posts\/490","targetHints":{"allow":["GET"]}}],"collection":[{"href":"https:\/\/wordpress.nibis.de\/martinus\/wp-json\/wp\/v2\/posts"}],"about":[{"href":"https:\/\/wordpress.nibis.de\/martinus\/wp-json\/wp\/v2\/types\/post"}],"author":[{"embeddable":true,"href":"https:\/\/wordpress.nibis.de\/martinus\/wp-json\/wp\/v2\/users\/9192934"}],"replies":[{"embeddable":true,"href":"https:\/\/wordpress.nibis.de\/martinus\/wp-json\/wp\/v2\/comments?post=490"}],"version-history":[{"count":0,"href":"https:\/\/wordpress.nibis.de\/martinus\/wp-json\/wp\/v2\/posts\/490\/revisions"}],"wp:attachment":[{"href":"https:\/\/wordpress.nibis.de\/martinus\/wp-json\/wp\/v2\/media?parent=490"}],"wp:term":[{"taxonomy":"category","embeddable":true,"href":"https:\/\/wordpress.nibis.de\/martinus\/wp-json\/wp\/v2\/categories?post=490"},{"taxonomy":"post_tag","embeddable":true,"href":"https:\/\/wordpress.nibis.de\/martinus\/wp-json\/wp\/v2\/tags?post=490"}],"curies":[{"name":"wp","href":"https:\/\/api.w.org\/{rel}","templated":true}]}}