{"id":553,"date":"2016-09-01T17:57:14","date_gmt":"2016-10-16T17:02:58","guid":{"rendered":"https:\/\/wordpress.nibis.de\/martinus\/2016\/09\/01\/weltgebetstag-fuer-die-bewahrung-der-schoepfung\/"},"modified":"2016-09-01T17:57:14","modified_gmt":"2016-10-16T17:02:58","slug":"weltgebetstag-fuer-die-bewahrung-der-schoepfung","status":"publish","type":"post","link":"https:\/\/wordpress.nibis.de\/martinus\/weltgebetstag-fuer-die-bewahrung-der-schoepfung\/","title":{"rendered":"Weltgebetstag f\u00fcr die Bewahrung der Sch\u00f6pfung"},"content":{"rendered":"<p class=\"txt\"><font color=\"#006600\"><u><strong>Weltgebetstag f\u00fcr die Bewahrung der Sch\u00f6pfung<\/strong><\/u><\/font><\/p>\n<p class=\"txt\">Vor einem Jahr hatte Papst Franziskus die Idee, dass es in der katholischen Kirche einen Tag geben sollte, an dem f\u00fcr die Bewahrung der Sch\u00f6pfung gebetet werden soll. Weltweit ist dies der 1. September. <\/p>\n<p class=\"txt\" align=\"center\"><img loading=\"lazy\" decoding=\"async\" src=\"https:\/\/wordpress.nibis.de\/martinus\/files\/2019\/01\/DSC1077.jpg\" alt=\"alt\" title=\"title\" width=\"550\" height=\"365\" \/> <\/p>\n<p class=\"txt\">Deshalb fand bei uns in der Schule ein Gottesdienst als &#8222;zentrale Veranstaltung&#8220; im Bistum Hildesheim statt. Wir haben uns gefreut, dass viele G\u00e4ste bei uns in der Schule waren, die mit uns den Wortgottesdienst f\u00fcr die Bewahrung der Sch\u00f6pfung gefeiert haben: <strong>Domkapitular und Stadtdechant Wolfgang Voges<\/strong>, <strong>der Umweltbeauftragte des<br \/>\nBistums J\u00fcrgen Selke-Witzel<\/strong>, <strong>der Gesch\u00e4ftsf\u00fchrer der Hildesheimer<br \/>\nBolivien-Stiftung Dietmar M\u00fc\u00dfig<\/strong> und <strong>Mitglieder der Kolpingsfamilie<br \/>\nHimmelsth\u00fcr<\/strong>. <\/p>\n<p class=\"txt\">Als &#8222;Umweltschule in Europa&#8220; und Mittr\u00e4gerin der &#8222;Allianz f\u00fcr die Sch\u00f6pfung&#8220; liegt uns die Umwelt und der Klimaschutz am Herzen. Leider ist unsere Erde oft bedroht, weil die Menschen nicht achtsam und verantwortungsvoll mit ihr umgehen. <\/p>\n<p class=\"txt\">Nachdem Frau Bertram alle Kinder und G\u00e4ste begr\u00fc\u00dft hatte,&#8230;. <\/p>\n<p class=\"txt\">\n<p class=\"txt\">&#8230; wurde die Kerze angez\u00fcndet und der Gottesdienst begann mit dem Lied &#8222;Du hast uns deine Welt geschenkt&#8220;. Die Kinder der 4. Klasse haben zu jeder Strophe Bilder gelegt.<\/p>\n<p class=\"txt\"><img loading=\"lazy\" decoding=\"async\" src=\"https:\/\/wordpress.nibis.de\/martinus\/files\/2019\/01\/IMG_8516.jpg\" alt=\"alt\" title=\"title\" width=\"550\" height=\"413\" \/><\/p>\n<p><img loading=\"lazy\" decoding=\"async\" title=\"title\" alt=\"alt\" src=\"https:\/\/wordpress.nibis.de\/martinus\/files\/2019\/01\/101_0774.jpg\" width=\"550\" height=\"367\" \/>\n<\/p>\n<p class=\"txt\">Aus jeder Klasse hat ein Kind gesagt, wie wir helfen, die Umwelt zu sch\u00fctzen und was wir tun: z.B. Sammeln alter Batterien, Druckerpatronen und Kugelschreiber, damit diese Dinge wieder verwertet werden k\u00f6nnen.<\/p>\n<p class=\"txt\"><img loading=\"lazy\" decoding=\"async\" src=\"https:\/\/wordpress.nibis.de\/martinus\/files\/2019\/01\/DSC1074.jpg\" alt=\"alt\" title=\"title\" width=\"550\" height=\"365\" \/> \n<\/p>\n<p class=\"txt\"><img loading=\"lazy\" decoding=\"async\" src=\"https:\/\/wordpress.nibis.de\/martinus\/files\/2019\/01\/IMG_8518.jpg\" alt=\"alt\" title=\"title\" width=\"550\" height=\"413\" \/>\n<\/p>\n<p class=\"txt\">\n<p class=\"txt\">\n<p class=\"txt\">Wir haben nur diese eine Erde. Wir alle wollen helfen, auf unsere Erde<br \/>\naufzupassen. Herr Selke-Witzel hat uns aus der Bibel vorgelesen: &#8222;Gott, der Herr, nahm den Menschen und setzte ihn in den Garten Eden, damit er ihn bebaue und beh\u00fcte&#8220; (Genesis 2,15). Das Beh\u00fcten ist Papst Franziskus besonders wichtig, deshalb hat er im letzten Jahr einen Brief an alle Menschen geschrieben. Er schreibt, dass er sich Sorgen macht um unser gemeinsames &#8222;Haus Erde&#8220;. ALLE Menschen sollten achtsamer mit unserer Erde umgehen, sie als wertvoll ansehen und sie nicht zerst\u00f6ren. \n<\/p>\n<p class=\"txt\">\n<p class=\"MsoNormal\"><span style=\"font-size:12pt;line-height:115%\"> <\/span><\/p>\n<p class=\"txt\">Jedes Kind kann helfen, Papier nicht zu verschwenden, das Licht insbesondere in den Pausen auszumachen und M\u00fcll richtig zu trennen bzw. zu vermeiden. Wir helfen dem Klima auch, wenn wir regional und saisonal einkaufen.<\/p>\n<p class=\"txt\"><img loading=\"lazy\" decoding=\"async\" src=\"https:\/\/wordpress.nibis.de\/martinus\/files\/2019\/01\/DSC1075.jpg\" alt=\"alt\" title=\"title\" width=\"550\" height=\"365\" \/> <\/p>\n<p class=\"txt\">Nach jeder F\u00fcrbitte haben wir das Lied gesungen: &#8222;Viele kleine Leute an vielen kleinen Orten, die viele kleine Schritte tun, k\u00f6nnen das Gesicht der Welt ver\u00e4ndern.&#8220; Diesen Liedtext haben alle Kinder als Erinnerung an diesen Tag als Aufkleber f\u00fcr zu Hause geschenkt bekommen.<\/p>\n<p class=\"txt\">Herr M\u00fc\u00dfig hat von Bolivien berichtet, wo unser Patenkind Micaela lebt, und gesagt, dass die Umwelt dort oft in Gefahr ist. <\/p>\n<p class=\"txt\"><img loading=\"lazy\" decoding=\"async\" src=\"https:\/\/wordpress.nibis.de\/martinus\/files\/2019\/01\/101_0778.jpg\" alt=\"alt\" title=\"title\" width=\"550\" height=\"367\" \/> \n<\/p>\n<p class=\"txt\">Nach dem Segen endete unser Gottesdienst mit dem Lied &#8222;Gott, lass uns mit deinem Segen leben&#8220;.<\/p>\n<p class=\"txt\"><img loading=\"lazy\" decoding=\"async\" title=\"title\" alt=\"alt\" src=\"https:\/\/wordpress.nibis.de\/martinus\/files\/2019\/01\/DSC1082.jpg\" width=\"550\" height=\"365\" \/> <\/p>\n<p class=\"txt\"><font color=\"#ff0000\">Wir danken unseren G\u00e4sten, dass sie bei uns waren und den Gottesdienst mit uns gefeiert haben! <\/font><\/p>\n<p class=\"txt\"><font color=\"#ff0000\"><font color=\"#003399\">Weitere Informationen finden interessierte Leser und Leserinnen im Bericht der Hildesheimer Allgemeinen Zeitung vom 2.9.2016 &#8222;Mit kleinen Schritten kann man helfen&#8220;.<\/font> <br \/>\n<\/font><\/p>\n<p class=\"txt\"><font color=\"#ff0000\"><\/font>Im Anschluss an den Gottesdienst hat uns Herr M\u00fc\u00dfig Fotos aus Bolivien gezeigt. Wir haben erfahren, dass in Bolivien<br \/>\nviele Kartoffeln gegessen werden &#8211; sogar gefriergetrocknete<br \/>\nKartoffeln (Chuno). Herr M\u00fc\u00dfig hat auch berichtet, dass in Bolivien viel Regenwald abgeholzt wird und der Natur dadurch gro\u00dfe Sch\u00e4den zugef\u00fcgt werden. Das Holz wird nach Europa verkauft. Dort werden die Baumst\u00e4mme z.B. zu Gartenst\u00fchlen verarbeitet&#8230;. \n<\/p>\n<p class=\"txt\"><img loading=\"lazy\" decoding=\"async\" src=\"https:\/\/wordpress.nibis.de\/martinus\/files\/2019\/01\/IMG_8528.jpg\" alt=\"alt\" title=\"title\" width=\"550\" height=\"413\" \/> <\/p>\n<p><img loading=\"lazy\" decoding=\"async\" src=\"https:\/\/wordpress.nibis.de\/martinus\/files\/2019\/01\/IMG_8530.jpg\" alt=\"alt\" title=\"title\" width=\"550\" height=\"413\" \/><\/p>\n<p>Zum Abschluss des Vortrags hat Herr M\u00fc\u00dfig uns ein Foto mit Kindern unserer Schule bei unserem &#8222;Allianz-f\u00fcr-die-Sch\u00f6pfung-Baum&#8220; gezeigt und gesagt wie gut er es findet, dass wir auf die Natur aufpassen und helfen, sie zu bewahren.<\/p>\n<p class=\"txt\">Ein besonderes Erlebnis war das Interview f\u00fcr das Radio mit Frau Behnke. Aus jeder Klasse haben Kinder im Lehrerzimmer gesessen, denn dort wurden sie von Frau Behnke \u00fcber unseren Einsatz f\u00fcr die Umwelt interviewt. \n<\/p>\n<p class=\"txt\"><img loading=\"lazy\" decoding=\"async\" src=\"https:\/\/wordpress.nibis.de\/martinus\/files\/2019\/01\/20160901_100728.jpg\" alt=\"alt\" title=\"title\" width=\"550\" height=\"309\" \/> <\/p>\n<p><img loading=\"lazy\" decoding=\"async\" title=\"title\" alt=\"alt\" src=\"https:\/\/wordpress.nibis.de\/martinus\/files\/2019\/01\/20160901_100847.jpg\" width=\"550\" height=\"309\" \/><\/p>\n<p class=\"txt\">\n<p class=\"txt\">Hier kann der fertige Radiobeitrag geh\u00f6rt<br \/>\nwerden. <\/p>\n<p class=\"txt\">1. Teil<\/p>\n<p><audio controls><\/p>\n<p>Your browser does not support the audio element.<br \/>\n<\/audio><\/p>\n<p class=\"txt\">2. Teil<\/p>\n<p><audio controls><\/p>\n<p>Your browser does not support the audio element.<br \/>\n<\/audio><\/p>\n<p class=\"txt\">Der Sendetermin war am 9. Oktober 2016 um 9.10 Uhr und 9.20 Uhr bei radio ffn.<\/p>\n<p><\/p>\n","protected":false},"excerpt":{"rendered":"<p>Weltgebetstag f\u00fcr die Bewahrung der Sch\u00f6pfung Vor einem Jahr hatte Papst Franziskus die Idee, dass es in der katholischen Kirche einen Tag geben sollte, an dem f\u00fcr die Bewahrung der Sch\u00f6pfung gebetet werden soll. Weltweit ist dies der 1. September. Deshalb fand bei uns in der Schule ein Gottesdienst als &#8222;zentrale Veranstaltung&#8220; im Bistum Hildesheim &hellip; <a href=\"https:\/\/wordpress.nibis.de\/martinus\/weltgebetstag-fuer-die-bewahrung-der-schoepfung\/\" class=\"more-link\"><span class=\"screen-reader-text\">Weltgebetstag f\u00fcr die Bewahrung der Sch\u00f6pfung<\/span> weiterlesen<\/a><\/p>\n","protected":false},"author":9192934,"featured_media":0,"comment_status":"open","ping_status":"open","sticky":false,"template":"","format":"standard","meta":{"footnotes":""},"categories":[1],"tags":[],"class_list":["post-553","post","type-post","status-publish","format-standard","hentry","category-allgemein"],"_links":{"self":[{"href":"https:\/\/wordpress.nibis.de\/martinus\/wp-json\/wp\/v2\/posts\/553","targetHints":{"allow":["GET"]}}],"collection":[{"href":"https:\/\/wordpress.nibis.de\/martinus\/wp-json\/wp\/v2\/posts"}],"about":[{"href":"https:\/\/wordpress.nibis.de\/martinus\/wp-json\/wp\/v2\/types\/post"}],"author":[{"embeddable":true,"href":"https:\/\/wordpress.nibis.de\/martinus\/wp-json\/wp\/v2\/users\/9192934"}],"replies":[{"embeddable":true,"href":"https:\/\/wordpress.nibis.de\/martinus\/wp-json\/wp\/v2\/comments?post=553"}],"version-history":[{"count":0,"href":"https:\/\/wordpress.nibis.de\/martinus\/wp-json\/wp\/v2\/posts\/553\/revisions"}],"wp:attachment":[{"href":"https:\/\/wordpress.nibis.de\/martinus\/wp-json\/wp\/v2\/media?parent=553"}],"wp:term":[{"taxonomy":"category","embeddable":true,"href":"https:\/\/wordpress.nibis.de\/martinus\/wp-json\/wp\/v2\/categories?post=553"},{"taxonomy":"post_tag","embeddable":true,"href":"https:\/\/wordpress.nibis.de\/martinus\/wp-json\/wp\/v2\/tags?post=553"}],"curies":[{"name":"wp","href":"https:\/\/api.w.org\/{rel}","templated":true}]}}