{"id":558,"date":"2016-11-11T15:06:19","date_gmt":"2016-11-11T15:12:09","guid":{"rendered":"https:\/\/wordpress.nibis.de\/martinus\/2016\/11\/11\/st-martin-4\/"},"modified":"2016-11-11T15:06:19","modified_gmt":"2016-11-11T15:12:09","slug":"st-martin-4","status":"publish","type":"post","link":"https:\/\/wordpress.nibis.de\/martinus\/st-martin-4\/","title":{"rendered":"St. Martin"},"content":{"rendered":"<p class=\"txt\"><font color=\"#ff0000\"><u><strong>Wir feiern unseren Schulnamenstag<\/strong><\/u><\/font><\/p>\n<p class=\"txt\">Wir waren zuerst in der Kirche. Dort haben uns die Kinder aus Klasse 3 mit einem Schattenspiel \u00fcber Martins Leben erfreut. Martin wurde im Jahr 316, also vor genau 1700 Jahren, geboren. <\/p>\n<p class=\"txt\"><img loading=\"lazy\" decoding=\"async\" src=\"https:\/\/wordpress.nibis.de\/martinus\/files\/2019\/01\/P1000104.jpg\" alt=\"alt\" title=\"title\" width=\"500\" height=\"333\" \/> <\/p>\n<p>Hier wird Martin Bischof.<\/p>\n<p class=\"txt\">Nach dem Gottesdienst haben wir mit unseren Paten gefr\u00fchst\u00fcckt und die leckeren Martinsg\u00e4nse miteinander geteilt.<\/p>\n<p class=\"txt\"><img loading=\"lazy\" decoding=\"async\" src=\"https:\/\/wordpress.nibis.de\/martinus\/files\/2019\/01\/P1000106.jpg\" alt=\"alt\" title=\"title\" width=\"500\" height=\"333\" \/> \n<\/p>\n<p class=\"txt\">Danach haben Eltern und Kolleginnen den Kindern verschiedene Angebote gemacht&#8230;.<\/p>\n<p class=\"txt\">Am Ende hat jede Gruppe das Ergebnis vorgestellt.<\/p>\n<p class=\"txt\"><img loading=\"lazy\" decoding=\"async\" src=\"https:\/\/wordpress.nibis.de\/martinus\/files\/2019\/01\/P1000120.jpg\" alt=\"alt\" title=\"title\" width=\"500\" height=\"333\" \/> \n<\/p>\n<p class=\"txt\">Hier wurden Perlensterne gebastelt.<\/p>\n<p class=\"txt\"><img loading=\"lazy\" decoding=\"async\" src=\"https:\/\/wordpress.nibis.de\/martinus\/files\/2019\/01\/P1000121.jpg\" alt=\"alt\" title=\"title\" width=\"500\" height=\"333\" \/> \n<\/p>\n<p class=\"txt\">Die Kinder haben St. Martin und sein Pferd gefaltet.<\/p>\n<p class=\"txt\"><img loading=\"lazy\" decoding=\"async\" src=\"https:\/\/wordpress.nibis.de\/martinus\/files\/2019\/01\/P1000123.jpg\" alt=\"alt\" title=\"title\" width=\"500\" height=\"333\" \/> \n<\/p>\n<p class=\"txt\">Hier sind sch\u00f6ne winterliche Bilder entstanden.<\/p>\n<p class=\"txt\"><img loading=\"lazy\" decoding=\"async\" src=\"https:\/\/wordpress.nibis.de\/martinus\/files\/2019\/01\/P1000125.jpg\" alt=\"alt\" title=\"title\" width=\"500\" height=\"333\" \/> <\/p>\n<p>Selbstgebastelte Traumf\u00e4nger sollen b\u00f6se Tr\u00e4ume einfangen.<\/p>\n<p class=\"txt\">Es gab aber noch mehr Angebote: Es wurden Teelichter geprickelt, Waffeln gebacken, Martinsg\u00e4nse und Tischlaternen gebastelt. Au\u00dferdem gab es eine Wohlf\u00fchlstunde und ein Spiel- und Bewegungsangebot.<\/p>\n<p class=\"txt\">DANKE, liebe Eltern, f\u00fcr die tolle Unterst\u00fctzung. <\/p>\n","protected":false},"excerpt":{"rendered":"<p>Wir feiern unseren Schulnamenstag Wir waren zuerst in der Kirche. Dort haben uns die Kinder aus Klasse 3 mit einem Schattenspiel \u00fcber Martins Leben erfreut. Martin wurde im Jahr 316, also vor genau 1700 Jahren, geboren. Hier wird Martin Bischof. Nach dem Gottesdienst haben wir mit unseren Paten gefr\u00fchst\u00fcckt und die leckeren Martinsg\u00e4nse miteinander geteilt. &hellip; <a href=\"https:\/\/wordpress.nibis.de\/martinus\/st-martin-4\/\" class=\"more-link\"><span class=\"screen-reader-text\">St. Martin<\/span> weiterlesen<\/a><\/p>\n","protected":false},"author":9192934,"featured_media":0,"comment_status":"open","ping_status":"open","sticky":false,"template":"","format":"standard","meta":{"footnotes":""},"categories":[1],"tags":[],"class_list":["post-558","post","type-post","status-publish","format-standard","hentry","category-allgemein"],"_links":{"self":[{"href":"https:\/\/wordpress.nibis.de\/martinus\/wp-json\/wp\/v2\/posts\/558","targetHints":{"allow":["GET"]}}],"collection":[{"href":"https:\/\/wordpress.nibis.de\/martinus\/wp-json\/wp\/v2\/posts"}],"about":[{"href":"https:\/\/wordpress.nibis.de\/martinus\/wp-json\/wp\/v2\/types\/post"}],"author":[{"embeddable":true,"href":"https:\/\/wordpress.nibis.de\/martinus\/wp-json\/wp\/v2\/users\/9192934"}],"replies":[{"embeddable":true,"href":"https:\/\/wordpress.nibis.de\/martinus\/wp-json\/wp\/v2\/comments?post=558"}],"version-history":[{"count":0,"href":"https:\/\/wordpress.nibis.de\/martinus\/wp-json\/wp\/v2\/posts\/558\/revisions"}],"wp:attachment":[{"href":"https:\/\/wordpress.nibis.de\/martinus\/wp-json\/wp\/v2\/media?parent=558"}],"wp:term":[{"taxonomy":"category","embeddable":true,"href":"https:\/\/wordpress.nibis.de\/martinus\/wp-json\/wp\/v2\/categories?post=558"},{"taxonomy":"post_tag","embeddable":true,"href":"https:\/\/wordpress.nibis.de\/martinus\/wp-json\/wp\/v2\/tags?post=558"}],"curies":[{"name":"wp","href":"https:\/\/api.w.org\/{rel}","templated":true}]}}