{"id":561,"date":"2016-12-20T17:33:10","date_gmt":"2016-12-20T17:43:09","guid":{"rendered":"https:\/\/wordpress.nibis.de\/martinus\/2016\/12\/20\/adventsgottesdienst-und-forum-2\/"},"modified":"2016-12-20T17:33:10","modified_gmt":"2016-12-20T17:43:09","slug":"adventsgottesdienst-und-forum-2","status":"publish","type":"post","link":"https:\/\/wordpress.nibis.de\/martinus\/adventsgottesdienst-und-forum-2\/","title":{"rendered":"Adventsgottesdienst und Forum"},"content":{"rendered":"<p class=\"txt\" align=\"center\"><font size=\"5\"><strong><font color=\"#ff0000\">Gesegnete Weihnachten und einen guten Rutsch in ein friedvolles, gesundes neues Jahr 2017<\/font><\/strong><\/font><\/p>\n<p class=\"txt\" align=\"center\"><img loading=\"lazy\" decoding=\"async\" src=\"https:\/\/wordpress.nibis.de\/martinus\/files\/2019\/01\/P1000190.jpg\" alt=\"alt\" title=\"title\" width=\"600\" height=\"400\" \/> <\/p>\n<p>Am letzten Schultag haben wir gemeinsam unseren Adventsgottesdienst gefeiert, den die Kinder der 2. Klasse vorbeitet haben. &#8222;Sie folgen dem Stern&#8220; &#8211; das haben wir im Gottesdienst im Spiel gesehen und im Lied gesungen.<\/p>\n<p class=\"txt\" align=\"center\"><img loading=\"lazy\" decoding=\"async\" src=\"https:\/\/wordpress.nibis.de\/martinus\/files\/2019\/01\/P1000191.jpg\" alt=\"alt\" title=\"title\" width=\"600\" height=\"400\" \/> <\/p>\n<p>Aus jeder Klasse hat ein Kind eine F\u00fcrbitte vorgetragen. Gemeinsam haben wir gesungen &#8222;Mache dich auf und werde Licht&#8220;. In der Schule haben wir uns in der letzten Stunde &#8230;<\/p>\n<p class=\"txt\">&#8230; im Forum getroffen. Die Theater-AG, die von einer Mutter geleitet wird, hat das St\u00fcck &#8222;Im Nimmerland&#8220; gespielt. Vielen Dank! Ehemalige Sch\u00fcler haben uns mit ihrem Besuch \u00fcberrascht und &#8230;<\/p>\n<p class=\"txt\" align=\"center\"><img loading=\"lazy\" decoding=\"async\" src=\"https:\/\/wordpress.nibis.de\/martinus\/files\/2019\/01\/P1000196.jpg\" alt=\"alt\" title=\"title\" width=\"600\" height=\"400\" \/> <\/p>\n<p class=\"txt\" align=\"center\">&#8230; haben am Ende mit uns zusammen das Ferienlied gesungen.<\/p>\n<p class=\"txt\" align=\"center\"><img loading=\"lazy\" decoding=\"async\" src=\"https:\/\/wordpress.nibis.de\/martinus\/files\/2019\/01\/P1000197.jpg\" alt=\"alt\" title=\"title\" width=\"600\" height=\"400\" \/> <\/p>\n","protected":false},"excerpt":{"rendered":"<p>Gesegnete Weihnachten und einen guten Rutsch in ein friedvolles, gesundes neues Jahr 2017 Am letzten Schultag haben wir gemeinsam unseren Adventsgottesdienst gefeiert, den die Kinder der 2. Klasse vorbeitet haben. &#8222;Sie folgen dem Stern&#8220; &#8211; das haben wir im Gottesdienst im Spiel gesehen und im Lied gesungen. Aus jeder Klasse hat ein Kind eine F\u00fcrbitte &hellip; <a href=\"https:\/\/wordpress.nibis.de\/martinus\/adventsgottesdienst-und-forum-2\/\" class=\"more-link\"><span class=\"screen-reader-text\">Adventsgottesdienst und Forum<\/span> weiterlesen<\/a><\/p>\n","protected":false},"author":9192934,"featured_media":0,"comment_status":"open","ping_status":"open","sticky":false,"template":"","format":"standard","meta":{"footnotes":""},"categories":[1],"tags":[],"class_list":["post-561","post","type-post","status-publish","format-standard","hentry","category-allgemein"],"_links":{"self":[{"href":"https:\/\/wordpress.nibis.de\/martinus\/wp-json\/wp\/v2\/posts\/561","targetHints":{"allow":["GET"]}}],"collection":[{"href":"https:\/\/wordpress.nibis.de\/martinus\/wp-json\/wp\/v2\/posts"}],"about":[{"href":"https:\/\/wordpress.nibis.de\/martinus\/wp-json\/wp\/v2\/types\/post"}],"author":[{"embeddable":true,"href":"https:\/\/wordpress.nibis.de\/martinus\/wp-json\/wp\/v2\/users\/9192934"}],"replies":[{"embeddable":true,"href":"https:\/\/wordpress.nibis.de\/martinus\/wp-json\/wp\/v2\/comments?post=561"}],"version-history":[{"count":0,"href":"https:\/\/wordpress.nibis.de\/martinus\/wp-json\/wp\/v2\/posts\/561\/revisions"}],"wp:attachment":[{"href":"https:\/\/wordpress.nibis.de\/martinus\/wp-json\/wp\/v2\/media?parent=561"}],"wp:term":[{"taxonomy":"category","embeddable":true,"href":"https:\/\/wordpress.nibis.de\/martinus\/wp-json\/wp\/v2\/categories?post=561"},{"taxonomy":"post_tag","embeddable":true,"href":"https:\/\/wordpress.nibis.de\/martinus\/wp-json\/wp\/v2\/tags?post=561"}],"curies":[{"name":"wp","href":"https:\/\/api.w.org\/{rel}","templated":true}]}}