{"id":7628,"date":"2022-06-16T16:10:45","date_gmt":"2022-06-16T14:10:45","guid":{"rendered":"https:\/\/wordpress.nibis.de\/martinus\/?p=7628"},"modified":"2022-06-16T16:10:45","modified_gmt":"2022-06-16T14:10:45","slug":"foerderverein-2022","status":"publish","type":"post","link":"https:\/\/wordpress.nibis.de\/martinus\/foerderverein-2022\/","title":{"rendered":"F\u00f6rderverein 2022"},"content":{"rendered":"\n<p>Am 15.6.22 wurde ein neuer Vorstand gew\u00e4hlt.<\/p>\n\n\n\n<figure class=\"wp-block-gallery has-nested-images columns-default is-cropped wp-block-gallery-1 is-layout-flex wp-block-gallery-is-layout-flex\">\n<figure class=\"wp-block-image size-large\"><img loading=\"lazy\" decoding=\"async\" width=\"800\" height=\"450\" data-id=\"7629\" src=\"https:\/\/wordpress.nibis.de\/martinus\/files\/2022\/06\/foerder22b.jpg\" alt=\"\" class=\"wp-image-7629\" srcset=\"https:\/\/wordpress.nibis.de\/martinus\/files\/2022\/06\/foerder22b.jpg 800w, https:\/\/wordpress.nibis.de\/martinus\/files\/2022\/06\/foerder22b-768x432.jpg 768w\" sizes=\"auto, (max-width: 800px) 100vw, 800px\" \/><\/figure>\n\n\n\n<figure class=\"wp-block-image size-large\"><img loading=\"lazy\" decoding=\"async\" width=\"800\" height=\"450\" data-id=\"7630\" src=\"https:\/\/wordpress.nibis.de\/martinus\/files\/2022\/06\/foeder22a.jpg\" alt=\"\" class=\"wp-image-7630\" srcset=\"https:\/\/wordpress.nibis.de\/martinus\/files\/2022\/06\/foeder22a.jpg 800w, https:\/\/wordpress.nibis.de\/martinus\/files\/2022\/06\/foeder22a-768x432.jpg 768w\" sizes=\"auto, (max-width: 800px) 100vw, 800px\" \/><\/figure>\n<figcaption class=\"blocks-gallery-caption\">Herr Reifenberger \u00fcbergibt den 1. Vorsitz an Herrn Sander. 2. Vorsitzende ist Frau Meyer (3. v.r.). Zum Kassenwart gew\u00e4hlt wurde Herr Zelmer (1.v.r). Schriftf\u00fchrerin ist Frau Weidle (4.v.r.).<\/figcaption><\/figure>\n\n\n\n<p>Herzlichen Dank f\u00fcr die geleistete hervorrangende Arbeit zum Wohle der Kinder. Wir freuen uns auf die weitere Zusammenarbeit.<\/p>\n","protected":false},"excerpt":{"rendered":"<p>Am 15.6.22 wurde ein neuer Vorstand gew\u00e4hlt. Herzlichen Dank f\u00fcr die geleistete hervorrangende Arbeit zum Wohle der Kinder. Wir freuen uns auf die weitere Zusammenarbeit.<\/p>\n","protected":false},"author":9192934,"featured_media":0,"comment_status":"closed","ping_status":"closed","sticky":false,"template":"","format":"standard","meta":{"footnotes":""},"categories":[15],"tags":[],"class_list":["post-7628","post","type-post","status-publish","format-standard","hentry","category-foerderverein"],"_links":{"self":[{"href":"https:\/\/wordpress.nibis.de\/martinus\/wp-json\/wp\/v2\/posts\/7628","targetHints":{"allow":["GET"]}}],"collection":[{"href":"https:\/\/wordpress.nibis.de\/martinus\/wp-json\/wp\/v2\/posts"}],"about":[{"href":"https:\/\/wordpress.nibis.de\/martinus\/wp-json\/wp\/v2\/types\/post"}],"author":[{"embeddable":true,"href":"https:\/\/wordpress.nibis.de\/martinus\/wp-json\/wp\/v2\/users\/9192934"}],"replies":[{"embeddable":true,"href":"https:\/\/wordpress.nibis.de\/martinus\/wp-json\/wp\/v2\/comments?post=7628"}],"version-history":[{"count":1,"href":"https:\/\/wordpress.nibis.de\/martinus\/wp-json\/wp\/v2\/posts\/7628\/revisions"}],"predecessor-version":[{"id":7631,"href":"https:\/\/wordpress.nibis.de\/martinus\/wp-json\/wp\/v2\/posts\/7628\/revisions\/7631"}],"wp:attachment":[{"href":"https:\/\/wordpress.nibis.de\/martinus\/wp-json\/wp\/v2\/media?parent=7628"}],"wp:term":[{"taxonomy":"category","embeddable":true,"href":"https:\/\/wordpress.nibis.de\/martinus\/wp-json\/wp\/v2\/categories?post=7628"},{"taxonomy":"post_tag","embeddable":true,"href":"https:\/\/wordpress.nibis.de\/martinus\/wp-json\/wp\/v2\/tags?post=7628"}],"curies":[{"name":"wp","href":"https:\/\/api.w.org\/{rel}","templated":true}]}}