{"id":7737,"date":"2022-10-14T17:22:19","date_gmt":"2022-10-14T15:22:19","guid":{"rendered":"https:\/\/wordpress.nibis.de\/martinus\/?p=7737"},"modified":"2022-10-14T17:22:19","modified_gmt":"2022-10-14T15:22:19","slug":"teambildung-friedensbildung","status":"publish","type":"post","link":"https:\/\/wordpress.nibis.de\/martinus\/teambildung-friedensbildung\/","title":{"rendered":"Teambildung = Friedensbildung"},"content":{"rendered":"\n<p>Unter dem Motto \u201eNiedersachsens Schulen. Klar f\u00fcr Frieden\u201c haben wir in allen Klassen einen Friedensprojekttag durchgef\u00fchrt.<\/p>\n<p>Bei Ars Saltandi haben die Kinder durch praktische Spiele erfahren wie wichtig ein gut funktionierendes Team f\u00fcr ein friedliches Miteinander ist.<\/p>\n\n\n\n<figure class=\"wp-block-gallery has-nested-images columns-default is-cropped wp-block-gallery-1 is-layout-flex wp-block-gallery-is-layout-flex\">\n<figure class=\"wp-block-image size-large\"><img loading=\"lazy\" decoding=\"async\" width=\"800\" height=\"533\" data-id=\"7745\" src=\"https:\/\/wordpress.nibis.de\/martinus\/files\/2022\/10\/frieden22a-2.jpg\" alt=\"\" class=\"wp-image-7745\" srcset=\"https:\/\/wordpress.nibis.de\/martinus\/files\/2022\/10\/frieden22a-2.jpg 800w, https:\/\/wordpress.nibis.de\/martinus\/files\/2022\/10\/frieden22a-2-768x512.jpg 768w\" sizes=\"auto, (max-width: 800px) 100vw, 800px\" \/><figcaption>Im Team geht&#8217;s ins Ameisenkrankenhaus.<\/figcaption><\/figure>\n\n\n\n<figure class=\"wp-block-image size-large\"><img loading=\"lazy\" decoding=\"async\" width=\"800\" height=\"533\" data-id=\"7746\" src=\"https:\/\/wordpress.nibis.de\/martinus\/files\/2022\/10\/frieden22c-2.jpg\" alt=\"\" class=\"wp-image-7746\" srcset=\"https:\/\/wordpress.nibis.de\/martinus\/files\/2022\/10\/frieden22c-2.jpg 800w, https:\/\/wordpress.nibis.de\/martinus\/files\/2022\/10\/frieden22c-2-768x512.jpg 768w\" sizes=\"auto, (max-width: 800px) 100vw, 800px\" \/><figcaption>\u00dcber das Seil kommt man nur im Team.<\/figcaption><\/figure>\n<\/figure>\n\n\n\n\n\n<figure class=\"wp-block-image size-full\"><img loading=\"lazy\" decoding=\"async\" width=\"800\" height=\"533\" src=\"https:\/\/wordpress.nibis.de\/martinus\/files\/2022\/10\/frieden22b-1.jpg\" alt=\"\" class=\"wp-image-7750\" srcset=\"https:\/\/wordpress.nibis.de\/martinus\/files\/2022\/10\/frieden22b-1.jpg 800w, https:\/\/wordpress.nibis.de\/martinus\/files\/2022\/10\/frieden22b-1-768x512.jpg 768w\" sizes=\"auto, (max-width: 800px) 100vw, 800px\" \/><figcaption>Auch beim Aufr\u00e4umen ist Teamarbeit gefragt: Alle helfen mit!<\/figcaption><\/figure>\n\n\n\n<figure class=\"wp-block-image size-full\"><img loading=\"lazy\" decoding=\"async\" width=\"800\" height=\"533\" src=\"https:\/\/wordpress.nibis.de\/martinus\/files\/2022\/10\/frieden22d-1.jpg\" alt=\"\" class=\"wp-image-7747\" srcset=\"https:\/\/wordpress.nibis.de\/martinus\/files\/2022\/10\/frieden22d-1.jpg 800w, https:\/\/wordpress.nibis.de\/martinus\/files\/2022\/10\/frieden22d-1-768x512.jpg 768w\" sizes=\"auto, (max-width: 800px) 100vw, 800px\" \/><figcaption>Nach den praktischen Spiele\u00fcbungen wurde in jeder Klasse erarbeitet wie FRIEDEN gelingen kann.<\/figcaption><\/figure>\n\n\n\n<p>Am letzten Schultag gab es ein besonderes Bewegungsangebot in der Turnhalle. Alle Kinder, die t\u00e4glich zu Fu\u00df in die Schule gekommen sind, haben eine Bewegungspass-Urkunde bekommen. Herzlichen Gl\u00fcckwunsch!<\/p>\n\n\n\n<figure class=\"wp-block-gallery has-nested-images columns-default is-cropped wp-block-gallery-2 is-layout-flex wp-block-gallery-is-layout-flex\">\n<figure class=\"wp-block-image size-large\"><img loading=\"lazy\" decoding=\"async\" width=\"800\" height=\"533\" data-id=\"7748\" src=\"https:\/\/wordpress.nibis.de\/martinus\/files\/2022\/10\/bewegung22a.jpg\" alt=\"\" class=\"wp-image-7748\" srcset=\"https:\/\/wordpress.nibis.de\/martinus\/files\/2022\/10\/bewegung22a.jpg 800w, https:\/\/wordpress.nibis.de\/martinus\/files\/2022\/10\/bewegung22a-768x512.jpg 768w\" sizes=\"auto, (max-width: 800px) 100vw, 800px\" \/><\/figure>\n\n\n\n<figure class=\"wp-block-image size-large\"><img loading=\"lazy\" decoding=\"async\" width=\"800\" height=\"533\" data-id=\"7749\" src=\"https:\/\/wordpress.nibis.de\/martinus\/files\/2022\/10\/bewegung22b.jpg\" alt=\"\" class=\"wp-image-7749\" srcset=\"https:\/\/wordpress.nibis.de\/martinus\/files\/2022\/10\/bewegung22b.jpg 800w, https:\/\/wordpress.nibis.de\/martinus\/files\/2022\/10\/bewegung22b-768x512.jpg 768w\" sizes=\"auto, (max-width: 800px) 100vw, 800px\" \/><\/figure>\n<\/figure>\n\n\n\n<p>Wir w\u00fcnschen allen Kindern und Familien sch\u00f6ne <strong>FRIED<\/strong>liche, zu<strong>FRIEDEN<\/strong>e und aktive Herbstferien!<\/p>\n","protected":false},"excerpt":{"rendered":"","protected":false},"author":9192934,"featured_media":0,"comment_status":"closed","ping_status":"closed","sticky":false,"template":"","format":"standard","meta":{"footnotes":""},"categories":[1],"tags":[],"class_list":["post-7737","post","type-post","status-publish","format-standard","hentry","category-allgemein"],"_links":{"self":[{"href":"https:\/\/wordpress.nibis.de\/martinus\/wp-json\/wp\/v2\/posts\/7737","targetHints":{"allow":["GET"]}}],"collection":[{"href":"https:\/\/wordpress.nibis.de\/martinus\/wp-json\/wp\/v2\/posts"}],"about":[{"href":"https:\/\/wordpress.nibis.de\/martinus\/wp-json\/wp\/v2\/types\/post"}],"author":[{"embeddable":true,"href":"https:\/\/wordpress.nibis.de\/martinus\/wp-json\/wp\/v2\/users\/9192934"}],"replies":[{"embeddable":true,"href":"https:\/\/wordpress.nibis.de\/martinus\/wp-json\/wp\/v2\/comments?post=7737"}],"version-history":[{"count":1,"href":"https:\/\/wordpress.nibis.de\/martinus\/wp-json\/wp\/v2\/posts\/7737\/revisions"}],"predecessor-version":[{"id":7751,"href":"https:\/\/wordpress.nibis.de\/martinus\/wp-json\/wp\/v2\/posts\/7737\/revisions\/7751"}],"wp:attachment":[{"href":"https:\/\/wordpress.nibis.de\/martinus\/wp-json\/wp\/v2\/media?parent=7737"}],"wp:term":[{"taxonomy":"category","embeddable":true,"href":"https:\/\/wordpress.nibis.de\/martinus\/wp-json\/wp\/v2\/categories?post=7737"},{"taxonomy":"post_tag","embeddable":true,"href":"https:\/\/wordpress.nibis.de\/martinus\/wp-json\/wp\/v2\/tags?post=7737"}],"curies":[{"name":"wp","href":"https:\/\/api.w.org\/{rel}","templated":true}]}}