{"id":7759,"date":"2022-11-08T15:18:15","date_gmt":"2022-11-08T14:18:15","guid":{"rendered":"https:\/\/wordpress.nibis.de\/martinus\/?p=7759"},"modified":"2022-11-13T09:46:46","modified_gmt":"2022-11-13T08:46:46","slug":"1000-jahre-himmelsthuer-1000-baeume","status":"publish","type":"post","link":"https:\/\/wordpress.nibis.de\/martinus\/1000-jahre-himmelsthuer-1000-baeume\/","title":{"rendered":"1000 Jahre Himmelsth\u00fcr &#8211; 1000 B\u00e4ume!"},"content":{"rendered":"\n<figure class=\"wp-block-image size-full\"><img loading=\"lazy\" decoding=\"async\" width=\"800\" height=\"533\" src=\"https:\/\/wordpress.nibis.de\/martinus\/files\/2022\/11\/1000baum22a.jpg\" alt=\"\" class=\"wp-image-7760\" srcset=\"https:\/\/wordpress.nibis.de\/martinus\/files\/2022\/11\/1000baum22a.jpg 800w, https:\/\/wordpress.nibis.de\/martinus\/files\/2022\/11\/1000baum22a-768x512.jpg 768w\" sizes=\"auto, (max-width: 800px) 100vw, 800px\" \/><figcaption>Ob wir es schaffen 1000 B\u00e4ume zu pflanzen? Alle Kinder der St.-Martinus-Schule, eine dritte und eine vierte Klasse der Grundschule Himmelsth\u00fcr, 9 Sch\u00fcler und Sch\u00fclerinnen der Realschule Himmelsth\u00fcr und die Klasse 9b des Gymnasiums Himmelsth\u00fcr machen sich hochmotiviert auf den Weg. <\/figcaption><\/figure>\n\n\n\n<figure class=\"wp-block-image size-full\"><img loading=\"lazy\" decoding=\"async\" width=\"800\" height=\"533\" src=\"https:\/\/wordpress.nibis.de\/martinus\/files\/2022\/11\/1000baum22b.jpg\" alt=\"\" class=\"wp-image-7761\" srcset=\"https:\/\/wordpress.nibis.de\/martinus\/files\/2022\/11\/1000baum22b.jpg 800w, https:\/\/wordpress.nibis.de\/martinus\/files\/2022\/11\/1000baum22b-768x512.jpg 768w\" sizes=\"auto, (max-width: 800px) 100vw, 800px\" \/><figcaption>Der Ortsb\u00fcrgermeister Herr Dr. Stock begr\u00fc\u00dft uns. Sein Wetteinsatz: &#8222;Wenn ihr es schafft 1000 B\u00e4ume zu pflanzen, pflanze ich bei euch in der Schule eine Eiche.&#8220;<\/figcaption><\/figure>\n\n\n\n<figure class=\"wp-block-image size-full\"><img loading=\"lazy\" decoding=\"async\" width=\"800\" height=\"533\" src=\"https:\/\/wordpress.nibis.de\/martinus\/files\/2022\/11\/1000baum22c.jpg\" alt=\"\" class=\"wp-image-7762\" srcset=\"https:\/\/wordpress.nibis.de\/martinus\/files\/2022\/11\/1000baum22c.jpg 800w, https:\/\/wordpress.nibis.de\/martinus\/files\/2022\/11\/1000baum22c-768x512.jpg 768w\" sizes=\"auto, (max-width: 800px) 100vw, 800px\" \/><figcaption>Herr Eggers vom Himmelsth\u00fcrer Forst zeigt allen Kindern die Setzlinge: 500 Eichen, 250 Bergahorne und 250 Esskastanien sollen gepflanzt werden.<\/figcaption><\/figure>\n\n\n\n<figure class=\"wp-block-image size-full\"><img loading=\"lazy\" decoding=\"async\" width=\"800\" height=\"533\" src=\"https:\/\/wordpress.nibis.de\/martinus\/files\/2022\/11\/1000baum22d.jpg\" alt=\"\" class=\"wp-image-7763\" srcset=\"https:\/\/wordpress.nibis.de\/martinus\/files\/2022\/11\/1000baum22d.jpg 800w, https:\/\/wordpress.nibis.de\/martinus\/files\/2022\/11\/1000baum22d-768x512.jpg 768w\" sizes=\"auto, (max-width: 800px) 100vw, 800px\" \/><figcaption>Die Gruppen sind gemischt: Die Gro\u00dfen graben die L\u00f6cher, die Grundsch\u00fcler und -sch\u00fclerinnen holen die Setzlinge und pflanzen. Gemeinsam geht&#8217;s am besten!<\/figcaption><\/figure>\n\n\n\n<figure class=\"wp-block-image size-full\"><img loading=\"lazy\" decoding=\"async\" width=\"800\" height=\"533\" src=\"https:\/\/wordpress.nibis.de\/martinus\/files\/2022\/11\/1000baum22g.jpg\" alt=\"\" class=\"wp-image-7769\" srcset=\"https:\/\/wordpress.nibis.de\/martinus\/files\/2022\/11\/1000baum22g.jpg 800w, https:\/\/wordpress.nibis.de\/martinus\/files\/2022\/11\/1000baum22g-768x512.jpg 768w\" sizes=\"auto, (max-width: 800px) 100vw, 800px\" \/><figcaption>Alle sind flei\u00dfig im Einsatz.<\/figcaption><\/figure>\n\n\n\n<figure class=\"wp-block-image size-full\"><img loading=\"lazy\" decoding=\"async\" width=\"800\" height=\"533\" src=\"https:\/\/wordpress.nibis.de\/martinus\/files\/2022\/11\/1000baum22f.jpg\" alt=\"\" class=\"wp-image-7764\" srcset=\"https:\/\/wordpress.nibis.de\/martinus\/files\/2022\/11\/1000baum22f.jpg 800w, https:\/\/wordpress.nibis.de\/martinus\/files\/2022\/11\/1000baum22f-768x512.jpg 768w\" sizes=\"auto, (max-width: 800px) 100vw, 800px\" \/><figcaption>Jedes B\u00e4umchen muss gut festgedr\u00fcckt werden.<\/figcaption><\/figure>\n\n\n\n<figure class=\"wp-block-image size-full\"><img loading=\"lazy\" decoding=\"async\" width=\"800\" height=\"533\" src=\"https:\/\/wordpress.nibis.de\/martinus\/files\/2022\/11\/1000baum22e.jpg\" alt=\"\" class=\"wp-image-7765\" srcset=\"https:\/\/wordpress.nibis.de\/martinus\/files\/2022\/11\/1000baum22e.jpg 800w, https:\/\/wordpress.nibis.de\/martinus\/files\/2022\/11\/1000baum22e-768x512.jpg 768w\" sizes=\"auto, (max-width: 800px) 100vw, 800px\" \/><figcaption>Nun m\u00fcssen die Esskastanien, die Eichen und die Ahornb\u00e4ume nur noch wachsen. <\/figcaption><\/figure>\n\n\n\n<p><em>Pflanzen pflanzen &#8211; Klima retten!<\/em> Wir und eine Abordnung von allen Himmelsth\u00fcrer Schulen haben einen wichtigen Beitrag f\u00fcr die Zukunft geleistet. Wir danken dem Ortsrat und Herrn Eggers, dass wir unsere Idee anl\u00e4sslich von &#8222;1000 Jahre Himmelsth\u00fcr&#8220; &#8211; dank ihrer gelungenen Unterst\u00fctzung &#8211; in die Tat umsetzen konnten. Zitat eines Kindes auf dem R\u00fcckweg: <strong>&#8222;Wir haben es geschafft! Wette gewonnen! Jetzt wird bei uns ein Baum gepflanzt!&#8220;<\/strong><\/p>\n<p>In der Hildesheimer Allgemeinen Zeitung wurde am 12.11.2022 eine Reportage ver\u00f6ffentlicht (S. 16) und ausf\u00fchrlich von der besonderen Pflanzaktion berichtet.<\/p>\n","protected":false},"excerpt":{"rendered":"<p>Pflanzen pflanzen &#8211; Klima retten! Wir und eine Abordnung von allen Himmelsth\u00fcrer Schulen haben einen wichtigen Beitrag f\u00fcr die Zukunft geleistet. Wir danken dem Ortsrat und Herrn Eggers, dass wir unsere Idee anl\u00e4sslich von &#8222;1000 Jahre Himmelsth\u00fcr&#8220; &#8211; dank ihrer gelungenen Unterst\u00fctzung &#8211; in die Tat umsetzen konnten. Zitat eines Kindes auf dem R\u00fcckweg: &#8222;Wir &hellip; <a href=\"https:\/\/wordpress.nibis.de\/martinus\/1000-jahre-himmelsthuer-1000-baeume\/\" class=\"more-link\"><span class=\"screen-reader-text\">1000 Jahre Himmelsth\u00fcr &#8211; 1000 B\u00e4ume!<\/span> weiterlesen<\/a><\/p>\n","protected":false},"author":9192934,"featured_media":0,"comment_status":"closed","ping_status":"closed","sticky":false,"template":"","format":"standard","meta":{"footnotes":""},"categories":[1],"tags":[],"class_list":["post-7759","post","type-post","status-publish","format-standard","hentry","category-allgemein"],"_links":{"self":[{"href":"https:\/\/wordpress.nibis.de\/martinus\/wp-json\/wp\/v2\/posts\/7759","targetHints":{"allow":["GET"]}}],"collection":[{"href":"https:\/\/wordpress.nibis.de\/martinus\/wp-json\/wp\/v2\/posts"}],"about":[{"href":"https:\/\/wordpress.nibis.de\/martinus\/wp-json\/wp\/v2\/types\/post"}],"author":[{"embeddable":true,"href":"https:\/\/wordpress.nibis.de\/martinus\/wp-json\/wp\/v2\/users\/9192934"}],"replies":[{"embeddable":true,"href":"https:\/\/wordpress.nibis.de\/martinus\/wp-json\/wp\/v2\/comments?post=7759"}],"version-history":[{"count":6,"href":"https:\/\/wordpress.nibis.de\/martinus\/wp-json\/wp\/v2\/posts\/7759\/revisions"}],"predecessor-version":[{"id":7774,"href":"https:\/\/wordpress.nibis.de\/martinus\/wp-json\/wp\/v2\/posts\/7759\/revisions\/7774"}],"wp:attachment":[{"href":"https:\/\/wordpress.nibis.de\/martinus\/wp-json\/wp\/v2\/media?parent=7759"}],"wp:term":[{"taxonomy":"category","embeddable":true,"href":"https:\/\/wordpress.nibis.de\/martinus\/wp-json\/wp\/v2\/categories?post=7759"},{"taxonomy":"post_tag","embeddable":true,"href":"https:\/\/wordpress.nibis.de\/martinus\/wp-json\/wp\/v2\/tags?post=7759"}],"curies":[{"name":"wp","href":"https:\/\/api.w.org\/{rel}","templated":true}]}}