{"id":7775,"date":"2022-11-13T22:15:00","date_gmt":"2022-11-13T21:15:00","guid":{"rendered":"https:\/\/wordpress.nibis.de\/martinus\/?p=7775"},"modified":"2022-11-18T18:16:47","modified_gmt":"2022-11-18T17:16:47","slug":"st-martin-2022","status":"publish","type":"post","link":"https:\/\/wordpress.nibis.de\/martinus\/st-martin-2022\/","title":{"rendered":"St. Martin 2022"},"content":{"rendered":"\n<p>Endlich konnten wir St. Martin wieder so wie fr\u00fcher &#8211; vor Corona &#8211; feiern: Die Schulanf\u00e4nger aus dem Kindergarten und die Kinder der Grundschule Himmelsth\u00fcr waren zur Feier unseres Schulnamenstages zum Gottesdienst eingeladen.<\/p>\n\n\n\n<figure class=\"wp-block-gallery has-nested-images columns-default is-cropped wp-block-gallery-1 is-layout-flex wp-block-gallery-is-layout-flex\">\n<figure class=\"wp-block-image size-large\"><img loading=\"lazy\" decoding=\"async\" width=\"800\" height=\"533\" data-id=\"7778\" src=\"https:\/\/wordpress.nibis.de\/martinus\/files\/2022\/11\/martin22a-1.jpg\" alt=\"\" class=\"wp-image-7778\" srcset=\"https:\/\/wordpress.nibis.de\/martinus\/files\/2022\/11\/martin22a-1.jpg 800w, https:\/\/wordpress.nibis.de\/martinus\/files\/2022\/11\/martin22a-1-768x512.jpg 768w\" sizes=\"auto, (max-width: 800px) 100vw, 800px\" \/><\/figure>\n\n\n\n<figure class=\"wp-block-image size-large\"><img loading=\"lazy\" decoding=\"async\" width=\"800\" height=\"533\" data-id=\"7779\" src=\"https:\/\/wordpress.nibis.de\/martinus\/files\/2022\/11\/martin22b.jpg\" alt=\"\" class=\"wp-image-7779\" srcset=\"https:\/\/wordpress.nibis.de\/martinus\/files\/2022\/11\/martin22b.jpg 800w, https:\/\/wordpress.nibis.de\/martinus\/files\/2022\/11\/martin22b-768x512.jpg 768w\" sizes=\"auto, (max-width: 800px) 100vw, 800px\" \/><\/figure>\n<figcaption class=\"blocks-gallery-caption\">Der Fl\u00fcchtlingsjunge Juri hat eine rote Decke und eine hei\u00dfe Suppe geschenkt bekommen. Im Spiel der Klasse 3 lernt Juri St. Martin kennen. Wenn alle Menschen wie St. Martin handeln w\u00fcrden, g\u00e4be es keinen Krieg, kein Leid, keine Not, sondern Frieden, Freude und Hilfsbereitschaft.<\/figcaption><\/figure>\n\n\n\n<figure class=\"wp-block-image size-full\"><img loading=\"lazy\" decoding=\"async\" width=\"800\" height=\"533\" src=\"https:\/\/wordpress.nibis.de\/martinus\/files\/2022\/11\/martin22c.jpg\" alt=\"\" class=\"wp-image-7780\" srcset=\"https:\/\/wordpress.nibis.de\/martinus\/files\/2022\/11\/martin22c.jpg 800w, https:\/\/wordpress.nibis.de\/martinus\/files\/2022\/11\/martin22c-768x512.jpg 768w\" sizes=\"auto, (max-width: 800px) 100vw, 800px\" \/><figcaption>Martinsfr\u00fchst\u00fcck mit den Patenklassen. Die selbstgebackenen Martinsg\u00e4nse werden miteinander geteilt. <\/figcaption><\/figure>\n\n\n\n<figure class=\"wp-block-gallery has-nested-images columns-default is-cropped wp-block-gallery-2 is-layout-flex wp-block-gallery-is-layout-flex\">\n<figure class=\"wp-block-image size-large\"><img loading=\"lazy\" decoding=\"async\" width=\"800\" height=\"533\" data-id=\"7781\" src=\"https:\/\/wordpress.nibis.de\/martinus\/files\/2022\/11\/Martin22e.jpg\" alt=\"\" class=\"wp-image-7781\" srcset=\"https:\/\/wordpress.nibis.de\/martinus\/files\/2022\/11\/Martin22e.jpg 800w, https:\/\/wordpress.nibis.de\/martinus\/files\/2022\/11\/Martin22e-768x512.jpg 768w\" sizes=\"auto, (max-width: 800px) 100vw, 800px\" \/><\/figure>\n\n\n\n<figure class=\"wp-block-image size-large\"><img loading=\"lazy\" decoding=\"async\" width=\"800\" height=\"533\" data-id=\"7782\" src=\"https:\/\/wordpress.nibis.de\/martinus\/files\/2022\/11\/martin22f.jpg\" alt=\"\" class=\"wp-image-7782\" srcset=\"https:\/\/wordpress.nibis.de\/martinus\/files\/2022\/11\/martin22f.jpg 800w, https:\/\/wordpress.nibis.de\/martinus\/files\/2022\/11\/martin22f-768x512.jpg 768w\" sizes=\"auto, (max-width: 800px) 100vw, 800px\" \/><\/figure>\n<figcaption class=\"blocks-gallery-caption\">Nach dem Fr\u00fchst\u00fcck gibt es verschiedene Angebote. Am Ende werden die Ergebnisse pr\u00e4sentiert. Es sind Fackeln und Tischlichter entstanden, kleine Engel, orientalische Muster, Teelichtlaternen, Drachen und Dinge aus B\u00fcgelperlen. In einer Gruppe wurde das Jonglieren geprobt und vorgef\u00fchrt. <\/figcaption><\/figure>\n\n\n\n<p>Es war ein sch\u00f6ner Tag, der uns noch lange in Erinnerung bleiben wird. Danke, liebe Eltern, f\u00fcr die Hilfe beim Backen der Martinsg\u00e4nse.<\/p>\n","protected":false},"excerpt":{"rendered":"<p>Endlich konnten wir St. Martin wieder so wie fr\u00fcher &#8211; vor Corona &#8211; feiern: Die Schulanf\u00e4nger aus dem Kindergarten und die Kinder der Grundschule Himmelsth\u00fcr waren zur Feier unseres Schulnamenstages zum Gottesdienst eingeladen. Es war ein sch\u00f6ner Tag, der uns noch lange in Erinnerung bleiben wird. Danke, liebe Eltern, f\u00fcr die Hilfe beim Backen der &hellip; <a href=\"https:\/\/wordpress.nibis.de\/martinus\/st-martin-2022\/\" class=\"more-link\"><span class=\"screen-reader-text\">St. Martin 2022<\/span> weiterlesen<\/a><\/p>\n","protected":false},"author":9192934,"featured_media":0,"comment_status":"closed","ping_status":"closed","sticky":false,"template":"","format":"standard","meta":{"footnotes":""},"categories":[1],"tags":[],"class_list":["post-7775","post","type-post","status-publish","format-standard","hentry","category-allgemein"],"_links":{"self":[{"href":"https:\/\/wordpress.nibis.de\/martinus\/wp-json\/wp\/v2\/posts\/7775","targetHints":{"allow":["GET"]}}],"collection":[{"href":"https:\/\/wordpress.nibis.de\/martinus\/wp-json\/wp\/v2\/posts"}],"about":[{"href":"https:\/\/wordpress.nibis.de\/martinus\/wp-json\/wp\/v2\/types\/post"}],"author":[{"embeddable":true,"href":"https:\/\/wordpress.nibis.de\/martinus\/wp-json\/wp\/v2\/users\/9192934"}],"replies":[{"embeddable":true,"href":"https:\/\/wordpress.nibis.de\/martinus\/wp-json\/wp\/v2\/comments?post=7775"}],"version-history":[{"count":2,"href":"https:\/\/wordpress.nibis.de\/martinus\/wp-json\/wp\/v2\/posts\/7775\/revisions"}],"predecessor-version":[{"id":7789,"href":"https:\/\/wordpress.nibis.de\/martinus\/wp-json\/wp\/v2\/posts\/7775\/revisions\/7789"}],"wp:attachment":[{"href":"https:\/\/wordpress.nibis.de\/martinus\/wp-json\/wp\/v2\/media?parent=7775"}],"wp:term":[{"taxonomy":"category","embeddable":true,"href":"https:\/\/wordpress.nibis.de\/martinus\/wp-json\/wp\/v2\/categories?post=7775"},{"taxonomy":"post_tag","embeddable":true,"href":"https:\/\/wordpress.nibis.de\/martinus\/wp-json\/wp\/v2\/tags?post=7775"}],"curies":[{"name":"wp","href":"https:\/\/api.w.org\/{rel}","templated":true}]}}