{"id":7814,"date":"2023-01-10T12:35:39","date_gmt":"2023-01-10T11:35:39","guid":{"rendered":"https:\/\/wordpress.nibis.de\/martinus\/?p=7814"},"modified":"2023-01-10T12:36:57","modified_gmt":"2023-01-10T11:36:57","slug":"aktiver-start-ins-jahr-2023","status":"publish","type":"post","link":"https:\/\/wordpress.nibis.de\/martinus\/aktiver-start-ins-jahr-2023\/","title":{"rendered":"Aktiver Start ins Jahr 2023"},"content":{"rendered":"\n<figure class=\"wp-block-image size-full\"><img loading=\"lazy\" decoding=\"async\" width=\"800\" height=\"533\" src=\"https:\/\/wordpress.nibis.de\/martinus\/files\/2023\/01\/sternsing23.jpg\" alt=\"\" class=\"wp-image-7815\" srcset=\"https:\/\/wordpress.nibis.de\/martinus\/files\/2023\/01\/sternsing23.jpg 800w, https:\/\/wordpress.nibis.de\/martinus\/files\/2023\/01\/sternsing23-768x512.jpg 768w\" sizes=\"auto, (max-width: 800px) 100vw, 800px\" \/><figcaption>Die Sternsinger bringen uns den Segen f\u00fcr 2023 und sammeln Spenden f\u00fcr Kinder in Indonesien.<\/figcaption><\/figure>\n\n\n\n<figure class=\"wp-block-image size-full\"><img loading=\"lazy\" decoding=\"async\" width=\"800\" height=\"533\" src=\"https:\/\/wordpress.nibis.de\/martinus\/files\/2023\/01\/bewegungspass23a.jpg\" alt=\"\" class=\"wp-image-7816\" srcset=\"https:\/\/wordpress.nibis.de\/martinus\/files\/2023\/01\/bewegungspass23a.jpg 800w, https:\/\/wordpress.nibis.de\/martinus\/files\/2023\/01\/bewegungspass23a-768x512.jpg 768w\" sizes=\"auto, (max-width: 800px) 100vw, 800px\" \/><figcaption>Herr M\u00fcnter und Herr Garmann vom Kreissportbund \u00fcberreichen uns ein Netz mit B\u00e4llen, weil wir zu den drei aktivsten &#8222;Bewegungspass-Schulen&#8220; geh\u00f6ren. DANKE!<\/figcaption><\/figure>\n\n\n\n<figure class=\"wp-block-image size-full\"><img loading=\"lazy\" decoding=\"async\" width=\"800\" height=\"533\" src=\"https:\/\/wordpress.nibis.de\/martinus\/files\/2023\/01\/leibniz23z.jpg\" alt=\"\" class=\"wp-image-7817\" srcset=\"https:\/\/wordpress.nibis.de\/martinus\/files\/2023\/01\/leibniz23z.jpg 800w, https:\/\/wordpress.nibis.de\/martinus\/files\/2023\/01\/leibniz23z-768x512.jpg 768w\" sizes=\"auto, (max-width: 800px) 100vw, 800px\" \/><figcaption>In Klasse 3 und 4 war das LeibnizLAB zu Besuch. Experimentiert wurde zum Thema &#8222;Technik&#8220; und &#8222;Wetter&#8220;.<\/figcaption><\/figure>\n","protected":false},"excerpt":{"rendered":"","protected":false},"author":9192934,"featured_media":0,"comment_status":"closed","ping_status":"closed","sticky":false,"template":"","format":"standard","meta":{"footnotes":""},"categories":[1],"tags":[],"class_list":["post-7814","post","type-post","status-publish","format-standard","hentry","category-allgemein"],"_links":{"self":[{"href":"https:\/\/wordpress.nibis.de\/martinus\/wp-json\/wp\/v2\/posts\/7814","targetHints":{"allow":["GET"]}}],"collection":[{"href":"https:\/\/wordpress.nibis.de\/martinus\/wp-json\/wp\/v2\/posts"}],"about":[{"href":"https:\/\/wordpress.nibis.de\/martinus\/wp-json\/wp\/v2\/types\/post"}],"author":[{"embeddable":true,"href":"https:\/\/wordpress.nibis.de\/martinus\/wp-json\/wp\/v2\/users\/9192934"}],"replies":[{"embeddable":true,"href":"https:\/\/wordpress.nibis.de\/martinus\/wp-json\/wp\/v2\/comments?post=7814"}],"version-history":[{"count":2,"href":"https:\/\/wordpress.nibis.de\/martinus\/wp-json\/wp\/v2\/posts\/7814\/revisions"}],"predecessor-version":[{"id":7819,"href":"https:\/\/wordpress.nibis.de\/martinus\/wp-json\/wp\/v2\/posts\/7814\/revisions\/7819"}],"wp:attachment":[{"href":"https:\/\/wordpress.nibis.de\/martinus\/wp-json\/wp\/v2\/media?parent=7814"}],"wp:term":[{"taxonomy":"category","embeddable":true,"href":"https:\/\/wordpress.nibis.de\/martinus\/wp-json\/wp\/v2\/categories?post=7814"},{"taxonomy":"post_tag","embeddable":true,"href":"https:\/\/wordpress.nibis.de\/martinus\/wp-json\/wp\/v2\/tags?post=7814"}],"curies":[{"name":"wp","href":"https:\/\/api.w.org\/{rel}","templated":true}]}}