{"id":7862,"date":"2023-03-10T18:00:19","date_gmt":"2023-03-10T17:00:19","guid":{"rendered":"https:\/\/wordpress.nibis.de\/martinus\/?p=7862"},"modified":"2023-03-10T18:00:19","modified_gmt":"2023-03-10T17:00:19","slug":"im-kino","status":"publish","type":"post","link":"https:\/\/wordpress.nibis.de\/martinus\/im-kino\/","title":{"rendered":"Im Kino"},"content":{"rendered":"\n<p>Am 10.3.23 waren wir mit der Schulgemeinschaft im Kino. Weil wir Umweltschule sind, haben wir &#8222;Mo und Friese &#8211; unterwegs in der Natur&#8220; gesehen. Es waren f\u00fcnf Kurzfilme zu den Themen &#8222;Umweltverschmutzung, Naturschutz, Gemeinschaft, Teamarbeit&#8220;.<\/p>\n\n\n\n<figure class=\"wp-block-image size-full\"><img loading=\"lazy\" decoding=\"async\" width=\"800\" height=\"600\" src=\"https:\/\/wordpress.nibis.de\/martinus\/files\/2023\/03\/Kino23a.jpg\" alt=\"\" class=\"wp-image-7863\" srcset=\"https:\/\/wordpress.nibis.de\/martinus\/files\/2023\/03\/Kino23a.jpg 800w, https:\/\/wordpress.nibis.de\/martinus\/files\/2023\/03\/Kino23a-768x576.jpg 768w\" sizes=\"auto, (max-width: 800px) 100vw, 800px\" \/><figcaption>Gleich geht&#8217;s los!<\/figcaption><\/figure>\n\n\n\n<figure class=\"wp-block-gallery has-nested-images columns-default is-cropped wp-block-gallery-1 is-layout-flex wp-block-gallery-is-layout-flex\">\n<figure class=\"wp-block-image size-large\"><img loading=\"lazy\" decoding=\"async\" width=\"800\" height=\"600\" data-id=\"7864\" src=\"https:\/\/wordpress.nibis.de\/martinus\/files\/2023\/03\/kino23b.jpg\" alt=\"\" class=\"wp-image-7864\" srcset=\"https:\/\/wordpress.nibis.de\/martinus\/files\/2023\/03\/kino23b.jpg 800w, https:\/\/wordpress.nibis.de\/martinus\/files\/2023\/03\/kino23b-768x576.jpg 768w\" sizes=\"auto, (max-width: 800px) 100vw, 800px\" \/><\/figure>\n\n\n\n<figure class=\"wp-block-image size-large\"><img loading=\"lazy\" decoding=\"async\" width=\"800\" height=\"600\" data-id=\"7865\" src=\"https:\/\/wordpress.nibis.de\/martinus\/files\/2023\/03\/kino23c.jpg\" alt=\"\" class=\"wp-image-7865\" srcset=\"https:\/\/wordpress.nibis.de\/martinus\/files\/2023\/03\/kino23c.jpg 800w, https:\/\/wordpress.nibis.de\/martinus\/files\/2023\/03\/kino23c-768x576.jpg 768w\" sizes=\"auto, (max-width: 800px) 100vw, 800px\" \/><\/figure>\n<figcaption class=\"blocks-gallery-caption\">In einem Film hatte eine wei\u00dfe Kr\u00e4he die Hauptrolle, in einem anderen Kurzfilm eine Schildkr\u00f6te, die auf ihrem Weg ins Meer vielen Gefahren durch M\u00fcll ausgesetzt ist. In der Schule haben Kinder aus Klasse 1 die Schildkr\u00f6te gebastelt. <\/figcaption><\/figure>\n","protected":false},"excerpt":{"rendered":"<p>Am 10.3.23 waren wir mit der Schulgemeinschaft im Kino. Weil wir Umweltschule sind, haben wir &#8222;Mo und Friese &#8211; unterwegs in der Natur&#8220; gesehen. Es waren f\u00fcnf Kurzfilme zu den Themen &#8222;Umweltverschmutzung, Naturschutz, Gemeinschaft, Teamarbeit&#8220;.<\/p>\n","protected":false},"author":9192934,"featured_media":0,"comment_status":"closed","ping_status":"closed","sticky":false,"template":"","format":"standard","meta":{"footnotes":""},"categories":[1],"tags":[],"class_list":["post-7862","post","type-post","status-publish","format-standard","hentry","category-allgemein"],"_links":{"self":[{"href":"https:\/\/wordpress.nibis.de\/martinus\/wp-json\/wp\/v2\/posts\/7862","targetHints":{"allow":["GET"]}}],"collection":[{"href":"https:\/\/wordpress.nibis.de\/martinus\/wp-json\/wp\/v2\/posts"}],"about":[{"href":"https:\/\/wordpress.nibis.de\/martinus\/wp-json\/wp\/v2\/types\/post"}],"author":[{"embeddable":true,"href":"https:\/\/wordpress.nibis.de\/martinus\/wp-json\/wp\/v2\/users\/9192934"}],"replies":[{"embeddable":true,"href":"https:\/\/wordpress.nibis.de\/martinus\/wp-json\/wp\/v2\/comments?post=7862"}],"version-history":[{"count":1,"href":"https:\/\/wordpress.nibis.de\/martinus\/wp-json\/wp\/v2\/posts\/7862\/revisions"}],"predecessor-version":[{"id":7866,"href":"https:\/\/wordpress.nibis.de\/martinus\/wp-json\/wp\/v2\/posts\/7862\/revisions\/7866"}],"wp:attachment":[{"href":"https:\/\/wordpress.nibis.de\/martinus\/wp-json\/wp\/v2\/media?parent=7862"}],"wp:term":[{"taxonomy":"category","embeddable":true,"href":"https:\/\/wordpress.nibis.de\/martinus\/wp-json\/wp\/v2\/categories?post=7862"},{"taxonomy":"post_tag","embeddable":true,"href":"https:\/\/wordpress.nibis.de\/martinus\/wp-json\/wp\/v2\/tags?post=7862"}],"curies":[{"name":"wp","href":"https:\/\/api.w.org\/{rel}","templated":true}]}}