{"id":7894,"date":"2023-04-22T16:49:47","date_gmt":"2023-04-22T14:49:47","guid":{"rendered":"https:\/\/wordpress.nibis.de\/martinus\/?p=7894"},"modified":"2023-04-22T16:49:47","modified_gmt":"2023-04-22T14:49:47","slug":"gartentag-2023","status":"publish","type":"post","link":"https:\/\/wordpress.nibis.de\/martinus\/gartentag-2023\/","title":{"rendered":"Gartentag 2023"},"content":{"rendered":"\n<p>Am 22.4.23 trafen sich auch in diesem Jahr wieder flei\u00dfige Kinder, Eltern und Lehrerinnen, um das gesamte Schulgel\u00e4nde &#8222;auf Vordermann&#8220; zu bringen.<\/p>\n\n\n\n<figure class=\"wp-block-gallery has-nested-images columns-default is-cropped wp-block-gallery-1 is-layout-flex wp-block-gallery-is-layout-flex\">\n<figure class=\"wp-block-image size-large\"><img loading=\"lazy\" decoding=\"async\" width=\"800\" height=\"600\" data-id=\"7895\" src=\"https:\/\/wordpress.nibis.de\/martinus\/files\/2023\/04\/garten23a.jpg\" alt=\"\" class=\"wp-image-7895\" srcset=\"https:\/\/wordpress.nibis.de\/martinus\/files\/2023\/04\/garten23a.jpg 800w, https:\/\/wordpress.nibis.de\/martinus\/files\/2023\/04\/garten23a-768x576.jpg 768w\" sizes=\"auto, (max-width: 800px) 100vw, 800px\" \/><\/figure>\n\n\n\n<figure class=\"wp-block-image size-large\"><img loading=\"lazy\" decoding=\"async\" width=\"800\" height=\"600\" data-id=\"7896\" src=\"https:\/\/wordpress.nibis.de\/martinus\/files\/2023\/04\/garten23b.jpg\" alt=\"\" class=\"wp-image-7896\" srcset=\"https:\/\/wordpress.nibis.de\/martinus\/files\/2023\/04\/garten23b.jpg 800w, https:\/\/wordpress.nibis.de\/martinus\/files\/2023\/04\/garten23b-768x576.jpg 768w\" sizes=\"auto, (max-width: 800px) 100vw, 800px\" \/><\/figure>\n<\/figure>\n\n\n\n<figure class=\"wp-block-image size-full\"><img loading=\"lazy\" decoding=\"async\" width=\"800\" height=\"600\" src=\"https:\/\/wordpress.nibis.de\/martinus\/files\/2023\/04\/garten23c.jpg\" alt=\"\" class=\"wp-image-7897\" srcset=\"https:\/\/wordpress.nibis.de\/martinus\/files\/2023\/04\/garten23c.jpg 800w, https:\/\/wordpress.nibis.de\/martinus\/files\/2023\/04\/garten23c-768x576.jpg 768w\" sizes=\"auto, (max-width: 800px) 100vw, 800px\" \/><figcaption>Am Ende gab es f\u00fcr alle Helferinnen und Helfer Leckeres vom Grill. DANKE, lieber F\u00f6rderverein!<\/figcaption><\/figure>\n\n\n\n<p>DANKE liebe Kinder, Eltern und Lehrerinnen! Nun sieht alles wieder sch\u00f6n aus! \ud83d\ude42<\/p>\n","protected":false},"excerpt":{"rendered":"<p>Am 22.4.23 trafen sich auch in diesem Jahr wieder flei\u00dfige Kinder, Eltern und Lehrerinnen, um das gesamte Schulgel\u00e4nde &#8222;auf Vordermann&#8220; zu bringen. DANKE liebe Kinder, Eltern und Lehrerinnen! Nun sieht alles wieder sch\u00f6n aus! \ud83d\ude42<\/p>\n","protected":false},"author":9192934,"featured_media":0,"comment_status":"closed","ping_status":"closed","sticky":false,"template":"","format":"standard","meta":{"footnotes":""},"categories":[1],"tags":[],"class_list":["post-7894","post","type-post","status-publish","format-standard","hentry","category-allgemein"],"_links":{"self":[{"href":"https:\/\/wordpress.nibis.de\/martinus\/wp-json\/wp\/v2\/posts\/7894","targetHints":{"allow":["GET"]}}],"collection":[{"href":"https:\/\/wordpress.nibis.de\/martinus\/wp-json\/wp\/v2\/posts"}],"about":[{"href":"https:\/\/wordpress.nibis.de\/martinus\/wp-json\/wp\/v2\/types\/post"}],"author":[{"embeddable":true,"href":"https:\/\/wordpress.nibis.de\/martinus\/wp-json\/wp\/v2\/users\/9192934"}],"replies":[{"embeddable":true,"href":"https:\/\/wordpress.nibis.de\/martinus\/wp-json\/wp\/v2\/comments?post=7894"}],"version-history":[{"count":2,"href":"https:\/\/wordpress.nibis.de\/martinus\/wp-json\/wp\/v2\/posts\/7894\/revisions"}],"predecessor-version":[{"id":7899,"href":"https:\/\/wordpress.nibis.de\/martinus\/wp-json\/wp\/v2\/posts\/7894\/revisions\/7899"}],"wp:attachment":[{"href":"https:\/\/wordpress.nibis.de\/martinus\/wp-json\/wp\/v2\/media?parent=7894"}],"wp:term":[{"taxonomy":"category","embeddable":true,"href":"https:\/\/wordpress.nibis.de\/martinus\/wp-json\/wp\/v2\/categories?post=7894"},{"taxonomy":"post_tag","embeddable":true,"href":"https:\/\/wordpress.nibis.de\/martinus\/wp-json\/wp\/v2\/tags?post=7894"}],"curies":[{"name":"wp","href":"https:\/\/api.w.org\/{rel}","templated":true}]}}