{"id":8015,"date":"2023-09-07T12:59:17","date_gmt":"2023-09-07T10:59:17","guid":{"rendered":"https:\/\/wordpress.nibis.de\/martinus\/?p=8015"},"modified":"2023-09-07T12:59:17","modified_gmt":"2023-09-07T10:59:17","slug":"weltgebetstag-fuer-die-bewahrung-der-schoepfung-2023","status":"publish","type":"post","link":"https:\/\/wordpress.nibis.de\/martinus\/weltgebetstag-fuer-die-bewahrung-der-schoepfung-2023\/","title":{"rendered":"Weltgebetstag f\u00fcr die Bewahrung der Sch\u00f6pfung 2023"},"content":{"rendered":"\n<figure class=\"wp-block-image size-full\"><img loading=\"lazy\" decoding=\"async\" width=\"800\" height=\"600\" src=\"https:\/\/wordpress.nibis.de\/martinus\/files\/2023\/09\/weltgebet2023.jpg\" alt=\"\" class=\"wp-image-8016\" srcset=\"https:\/\/wordpress.nibis.de\/martinus\/files\/2023\/09\/weltgebet2023.jpg 800w, https:\/\/wordpress.nibis.de\/martinus\/files\/2023\/09\/weltgebet2023-768x576.jpg 768w\" sizes=\"auto, (max-width: 800px) 100vw, 800px\" \/><figcaption>Jede und jeder kann etwas f\u00fcr die Sch\u00f6pfung tun.<\/figcaption><\/figure>\n\n\n\n<p>Die Kinder aus Klasse 4 haben uns am Beispiel eines Kolibris eine Geschichte vorgespielt. Der kleinste Vogel der Welt hat etwas f\u00fcr die Erde getan. Auch wir k\u00f6nnen t\u00e4glich etwas f\u00fcr die Erde tun: zu Fu\u00df zur Schule gehen, M\u00fcll vermeiden, Licht ausmachen in den Pausen, sorgsam mit Papier und Papierhandt\u00fcchern umgehen,&#8230; &#8211; Als Umweltschule setzen wir uns ein!<\/p>\n","protected":false},"excerpt":{"rendered":"<p>Die Kinder aus Klasse 4 haben uns am Beispiel eines Kolibris eine Geschichte vorgespielt. Der kleinste Vogel der Welt hat etwas f\u00fcr die Erde getan. Auch wir k\u00f6nnen t\u00e4glich etwas f\u00fcr die Erde tun: zu Fu\u00df zur Schule gehen, M\u00fcll vermeiden, Licht ausmachen in den Pausen, sorgsam mit Papier und Papierhandt\u00fcchern umgehen,&#8230; &#8211; Als Umweltschule &hellip; <a href=\"https:\/\/wordpress.nibis.de\/martinus\/weltgebetstag-fuer-die-bewahrung-der-schoepfung-2023\/\" class=\"more-link\"><span class=\"screen-reader-text\">Weltgebetstag f\u00fcr die Bewahrung der Sch\u00f6pfung 2023<\/span> weiterlesen<\/a><\/p>\n","protected":false},"author":9192934,"featured_media":0,"comment_status":"closed","ping_status":"closed","sticky":false,"template":"","format":"standard","meta":{"footnotes":""},"categories":[1],"tags":[],"class_list":["post-8015","post","type-post","status-publish","format-standard","hentry","category-allgemein"],"_links":{"self":[{"href":"https:\/\/wordpress.nibis.de\/martinus\/wp-json\/wp\/v2\/posts\/8015","targetHints":{"allow":["GET"]}}],"collection":[{"href":"https:\/\/wordpress.nibis.de\/martinus\/wp-json\/wp\/v2\/posts"}],"about":[{"href":"https:\/\/wordpress.nibis.de\/martinus\/wp-json\/wp\/v2\/types\/post"}],"author":[{"embeddable":true,"href":"https:\/\/wordpress.nibis.de\/martinus\/wp-json\/wp\/v2\/users\/9192934"}],"replies":[{"embeddable":true,"href":"https:\/\/wordpress.nibis.de\/martinus\/wp-json\/wp\/v2\/comments?post=8015"}],"version-history":[{"count":1,"href":"https:\/\/wordpress.nibis.de\/martinus\/wp-json\/wp\/v2\/posts\/8015\/revisions"}],"predecessor-version":[{"id":8017,"href":"https:\/\/wordpress.nibis.de\/martinus\/wp-json\/wp\/v2\/posts\/8015\/revisions\/8017"}],"wp:attachment":[{"href":"https:\/\/wordpress.nibis.de\/martinus\/wp-json\/wp\/v2\/media?parent=8015"}],"wp:term":[{"taxonomy":"category","embeddable":true,"href":"https:\/\/wordpress.nibis.de\/martinus\/wp-json\/wp\/v2\/categories?post=8015"},{"taxonomy":"post_tag","embeddable":true,"href":"https:\/\/wordpress.nibis.de\/martinus\/wp-json\/wp\/v2\/tags?post=8015"}],"curies":[{"name":"wp","href":"https:\/\/api.w.org\/{rel}","templated":true}]}}