{"id":8019,"date":"2023-09-17T10:21:55","date_gmt":"2023-09-17T08:21:55","guid":{"rendered":"https:\/\/wordpress.nibis.de\/martinus\/?p=8019"},"modified":"2023-09-17T10:21:55","modified_gmt":"2023-09-17T08:21:55","slug":"klassenfahrt-in-den-harz","status":"publish","type":"post","link":"https:\/\/wordpress.nibis.de\/martinus\/klassenfahrt-in-den-harz\/","title":{"rendered":"Klassenfahrt in den Harz"},"content":{"rendered":"\n<p>Die Woche vom 11.9 bis 15.9.2023 verging wie im Flug. Wir haben viel erlebt: Eine Rallye f\u00fchrte uns durch Hohegei\u00df. Wir haben eine Wanderung an der ehemaligen Grenze gemacht. Wir sind zum alten Hohegei\u00dfer Stollen gewandert und haben ihn mit unseren Taschenlampen erkundet. Mit der Seilbahn sind wir auf den Wurmberg gefahren. Das Spielen mit der Murmelbahn, die Flo\u00dffahrten und das Beobachten der Kaulquappen und Fr\u00f6sche hat besonders viel Spa\u00df gemacht. Toll war auch die t\u00e4gliche Freizeit im Zimmer, im Schwimmbad, in der Turnhalle oder auf dem Fu\u00dfballplatz.<\/p>\n\n\n\n<figure class=\"wp-block-image size-full\"><img loading=\"lazy\" decoding=\"async\" width=\"800\" height=\"600\" src=\"https:\/\/wordpress.nibis.de\/martinus\/files\/2023\/09\/klassenfahrt23a.jpg\" alt=\"\" class=\"wp-image-8022\" srcset=\"https:\/\/wordpress.nibis.de\/martinus\/files\/2023\/09\/klassenfahrt23a.jpg 800w, https:\/\/wordpress.nibis.de\/martinus\/files\/2023\/09\/klassenfahrt23a-768x576.jpg 768w\" sizes=\"auto, (max-width: 800px) 100vw, 800px\" \/><figcaption>Abschiedsabend mit akrobatischer Vorf\u00fchrung<\/figcaption><\/figure>\n\n\n\n<figure class=\"wp-block-image size-full\"><img loading=\"lazy\" decoding=\"async\" width=\"800\" height=\"600\" src=\"https:\/\/wordpress.nibis.de\/martinus\/files\/2023\/09\/klassenfahrt23b.jpg\" alt=\"\" class=\"wp-image-8023\" srcset=\"https:\/\/wordpress.nibis.de\/martinus\/files\/2023\/09\/klassenfahrt23b.jpg 800w, https:\/\/wordpress.nibis.de\/martinus\/files\/2023\/09\/klassenfahrt23b-768x576.jpg 768w\" sizes=\"auto, (max-width: 800px) 100vw, 800px\" \/><figcaption>Die Klassenfahrt war einfach super!<\/figcaption><\/figure>\n","protected":false},"excerpt":{"rendered":"<p>Die Woche vom 11.9 bis 15.9.2023 verging wie im Flug. Wir haben viel erlebt: Eine Rallye f\u00fchrte uns durch Hohegei\u00df. Wir haben eine Wanderung an der ehemaligen Grenze gemacht. Wir sind zum alten Hohegei\u00dfer Stollen gewandert und haben ihn mit unseren Taschenlampen erkundet. Mit der Seilbahn sind wir auf den Wurmberg gefahren. Das Spielen mit &hellip; <a href=\"https:\/\/wordpress.nibis.de\/martinus\/klassenfahrt-in-den-harz\/\" class=\"more-link\"><span class=\"screen-reader-text\">Klassenfahrt in den Harz<\/span> weiterlesen<\/a><\/p>\n","protected":false},"author":9192934,"featured_media":0,"comment_status":"closed","ping_status":"closed","sticky":false,"template":"","format":"standard","meta":{"footnotes":""},"categories":[1],"tags":[],"class_list":["post-8019","post","type-post","status-publish","format-standard","hentry","category-allgemein"],"_links":{"self":[{"href":"https:\/\/wordpress.nibis.de\/martinus\/wp-json\/wp\/v2\/posts\/8019","targetHints":{"allow":["GET"]}}],"collection":[{"href":"https:\/\/wordpress.nibis.de\/martinus\/wp-json\/wp\/v2\/posts"}],"about":[{"href":"https:\/\/wordpress.nibis.de\/martinus\/wp-json\/wp\/v2\/types\/post"}],"author":[{"embeddable":true,"href":"https:\/\/wordpress.nibis.de\/martinus\/wp-json\/wp\/v2\/users\/9192934"}],"replies":[{"embeddable":true,"href":"https:\/\/wordpress.nibis.de\/martinus\/wp-json\/wp\/v2\/comments?post=8019"}],"version-history":[{"count":1,"href":"https:\/\/wordpress.nibis.de\/martinus\/wp-json\/wp\/v2\/posts\/8019\/revisions"}],"predecessor-version":[{"id":8024,"href":"https:\/\/wordpress.nibis.de\/martinus\/wp-json\/wp\/v2\/posts\/8019\/revisions\/8024"}],"wp:attachment":[{"href":"https:\/\/wordpress.nibis.de\/martinus\/wp-json\/wp\/v2\/media?parent=8019"}],"wp:term":[{"taxonomy":"category","embeddable":true,"href":"https:\/\/wordpress.nibis.de\/martinus\/wp-json\/wp\/v2\/categories?post=8019"},{"taxonomy":"post_tag","embeddable":true,"href":"https:\/\/wordpress.nibis.de\/martinus\/wp-json\/wp\/v2\/tags?post=8019"}],"curies":[{"name":"wp","href":"https:\/\/api.w.org\/{rel}","templated":true}]}}