{"id":8095,"date":"2023-12-18T20:15:35","date_gmt":"2023-12-18T19:15:35","guid":{"rendered":"https:\/\/wordpress.nibis.de\/martinus\/?p=8095"},"modified":"2023-12-18T20:15:35","modified_gmt":"2023-12-18T19:15:35","slug":"adventsfeiern","status":"publish","type":"post","link":"https:\/\/wordpress.nibis.de\/martinus\/adventsfeiern\/","title":{"rendered":"Adventsfeiern"},"content":{"rendered":"\n<figure class=\"wp-block-image size-full\"><img loading=\"lazy\" decoding=\"async\" width=\"800\" height=\"600\" src=\"https:\/\/wordpress.nibis.de\/martinus\/files\/2023\/12\/advent23.jpg\" alt=\"\" class=\"wp-image-8096\" srcset=\"https:\/\/wordpress.nibis.de\/martinus\/files\/2023\/12\/advent23.jpg 800w, https:\/\/wordpress.nibis.de\/martinus\/files\/2023\/12\/advent23-768x576.jpg 768w\" sizes=\"auto, (max-width: 800px) 100vw, 800px\" \/><figcaption>Immer montags treffen wir uns im Forum und starten gemeinsam mit Liedern und Gedichten in die neue Adventswoche.<\/figcaption><\/figure>\n\n\n\n<figure class=\"wp-block-image size-full\"><img loading=\"lazy\" decoding=\"async\" width=\"800\" height=\"600\" src=\"https:\/\/wordpress.nibis.de\/martinus\/files\/2023\/12\/senioren23.jpg\" alt=\"\" class=\"wp-image-8097\" srcset=\"https:\/\/wordpress.nibis.de\/martinus\/files\/2023\/12\/senioren23.jpg 800w, https:\/\/wordpress.nibis.de\/martinus\/files\/2023\/12\/senioren23-768x576.jpg 768w\" sizes=\"auto, (max-width: 800px) 100vw, 800px\" \/><figcaption>Beim Seniorenadvent f\u00fchrten die Kinder der Klasse 3 und 4 Lieder, Gedichte und einen Tanz vor. Au\u00dferdem haben zwei Kinder auf dem Klavier und der Querfl\u00f6te gespielt.<\/figcaption><\/figure>\n","protected":false},"excerpt":{"rendered":"","protected":false},"author":9192934,"featured_media":0,"comment_status":"closed","ping_status":"closed","sticky":false,"template":"","format":"standard","meta":{"footnotes":""},"categories":[1],"tags":[],"class_list":["post-8095","post","type-post","status-publish","format-standard","hentry","category-allgemein"],"_links":{"self":[{"href":"https:\/\/wordpress.nibis.de\/martinus\/wp-json\/wp\/v2\/posts\/8095","targetHints":{"allow":["GET"]}}],"collection":[{"href":"https:\/\/wordpress.nibis.de\/martinus\/wp-json\/wp\/v2\/posts"}],"about":[{"href":"https:\/\/wordpress.nibis.de\/martinus\/wp-json\/wp\/v2\/types\/post"}],"author":[{"embeddable":true,"href":"https:\/\/wordpress.nibis.de\/martinus\/wp-json\/wp\/v2\/users\/9192934"}],"replies":[{"embeddable":true,"href":"https:\/\/wordpress.nibis.de\/martinus\/wp-json\/wp\/v2\/comments?post=8095"}],"version-history":[{"count":1,"href":"https:\/\/wordpress.nibis.de\/martinus\/wp-json\/wp\/v2\/posts\/8095\/revisions"}],"predecessor-version":[{"id":8098,"href":"https:\/\/wordpress.nibis.de\/martinus\/wp-json\/wp\/v2\/posts\/8095\/revisions\/8098"}],"wp:attachment":[{"href":"https:\/\/wordpress.nibis.de\/martinus\/wp-json\/wp\/v2\/media?parent=8095"}],"wp:term":[{"taxonomy":"category","embeddable":true,"href":"https:\/\/wordpress.nibis.de\/martinus\/wp-json\/wp\/v2\/categories?post=8095"},{"taxonomy":"post_tag","embeddable":true,"href":"https:\/\/wordpress.nibis.de\/martinus\/wp-json\/wp\/v2\/tags?post=8095"}],"curies":[{"name":"wp","href":"https:\/\/api.w.org\/{rel}","templated":true}]}}