{"id":8275,"date":"2024-08-23T16:54:17","date_gmt":"2024-08-23T14:54:17","guid":{"rendered":"https:\/\/wordpress.nibis.de\/martinus\/?p=8275"},"modified":"2024-08-23T16:54:17","modified_gmt":"2024-08-23T14:54:17","slug":"wahl-der-schulsprecher","status":"publish","type":"post","link":"https:\/\/wordpress.nibis.de\/martinus\/wahl-der-schulsprecher\/","title":{"rendered":"Wahl der Schulsprecher"},"content":{"rendered":"\n<figure class=\"wp-block-image size-full\"><img loading=\"lazy\" decoding=\"async\" width=\"800\" height=\"600\" src=\"https:\/\/wordpress.nibis.de\/martinus\/files\/2024\/08\/schulspr24a.jpg\" alt=\"\" class=\"wp-image-8276\" srcset=\"https:\/\/wordpress.nibis.de\/martinus\/files\/2024\/08\/schulspr24a.jpg 800w, https:\/\/wordpress.nibis.de\/martinus\/files\/2024\/08\/schulspr24a-768x576.jpg 768w\" sizes=\"auto, (max-width: 800px) 100vw, 800px\" \/><figcaption>Kinder, die als Schulsprecher gew\u00e4hlt werden m\u00f6chten, stellen sich vor.<\/figcaption><\/figure>\n\n\n\n<figure class=\"wp-block-image size-full\"><img loading=\"lazy\" decoding=\"async\" width=\"800\" height=\"600\" src=\"https:\/\/wordpress.nibis.de\/martinus\/files\/2024\/08\/schulspr24b.jpg\" alt=\"\" class=\"wp-image-8277\" srcset=\"https:\/\/wordpress.nibis.de\/martinus\/files\/2024\/08\/schulspr24b.jpg 800w, https:\/\/wordpress.nibis.de\/martinus\/files\/2024\/08\/schulspr24b-768x576.jpg 768w\" sizes=\"auto, (max-width: 800px) 100vw, 800px\" \/><figcaption>Die Wahl erfolgt in zwei Wahlkabinen. Der Stimmzettel kommt in die Wahlurne.<\/figcaption><\/figure>\n\n\n\n<figure class=\"wp-block-image size-full\"><img loading=\"lazy\" decoding=\"async\" width=\"800\" height=\"600\" src=\"https:\/\/wordpress.nibis.de\/martinus\/files\/2024\/08\/schulspr24c.jpg\" alt=\"\" class=\"wp-image-8278\" srcset=\"https:\/\/wordpress.nibis.de\/martinus\/files\/2024\/08\/schulspr24c.jpg 800w, https:\/\/wordpress.nibis.de\/martinus\/files\/2024\/08\/schulspr24c-768x576.jpg 768w\" sizes=\"auto, (max-width: 800px) 100vw, 800px\" \/><figcaption>Kinder aus Klasse 3 und 4 werten die Stimmzettel aus.<\/figcaption><\/figure>\n\n\n\n<p>Unsere beiden Schulsprecher stehen fest: ein M\u00e4dchen aus Klasse 3 und ein Junge aus Klasse 4 haben die meisten Stimmen. Herzlichen Gl\u00fcckwunsch! Am 13.9.2024 d\u00fcrfen beide Kinder an der 1. Hildesheimer Kinderkonferenz teilnehmen und unsere Schule vertreten.<\/p>\n","protected":false},"excerpt":{"rendered":"<p>Unsere beiden Schulsprecher stehen fest: ein M\u00e4dchen aus Klasse 3 und ein Junge aus Klasse 4 haben die meisten Stimmen. Herzlichen Gl\u00fcckwunsch! Am 13.9.2024 d\u00fcrfen beide Kinder an der 1. Hildesheimer Kinderkonferenz teilnehmen und unsere Schule vertreten.<\/p>\n","protected":false},"author":9192934,"featured_media":0,"comment_status":"closed","ping_status":"closed","sticky":false,"template":"","format":"standard","meta":{"footnotes":""},"categories":[1],"tags":[],"class_list":["post-8275","post","type-post","status-publish","format-standard","hentry","category-allgemein"],"_links":{"self":[{"href":"https:\/\/wordpress.nibis.de\/martinus\/wp-json\/wp\/v2\/posts\/8275","targetHints":{"allow":["GET"]}}],"collection":[{"href":"https:\/\/wordpress.nibis.de\/martinus\/wp-json\/wp\/v2\/posts"}],"about":[{"href":"https:\/\/wordpress.nibis.de\/martinus\/wp-json\/wp\/v2\/types\/post"}],"author":[{"embeddable":true,"href":"https:\/\/wordpress.nibis.de\/martinus\/wp-json\/wp\/v2\/users\/9192934"}],"replies":[{"embeddable":true,"href":"https:\/\/wordpress.nibis.de\/martinus\/wp-json\/wp\/v2\/comments?post=8275"}],"version-history":[{"count":1,"href":"https:\/\/wordpress.nibis.de\/martinus\/wp-json\/wp\/v2\/posts\/8275\/revisions"}],"predecessor-version":[{"id":8279,"href":"https:\/\/wordpress.nibis.de\/martinus\/wp-json\/wp\/v2\/posts\/8275\/revisions\/8279"}],"wp:attachment":[{"href":"https:\/\/wordpress.nibis.de\/martinus\/wp-json\/wp\/v2\/media?parent=8275"}],"wp:term":[{"taxonomy":"category","embeddable":true,"href":"https:\/\/wordpress.nibis.de\/martinus\/wp-json\/wp\/v2\/categories?post=8275"},{"taxonomy":"post_tag","embeddable":true,"href":"https:\/\/wordpress.nibis.de\/martinus\/wp-json\/wp\/v2\/tags?post=8275"}],"curies":[{"name":"wp","href":"https:\/\/api.w.org\/{rel}","templated":true}]}}