{"id":8352,"date":"2024-12-16T20:34:36","date_gmt":"2024-12-16T19:34:36","guid":{"rendered":"https:\/\/wordpress.nibis.de\/martinus\/?p=8352"},"modified":"2024-12-20T11:28:31","modified_gmt":"2024-12-20T10:28:31","slug":"schoene-adventszeit-2","status":"publish","type":"post","link":"https:\/\/wordpress.nibis.de\/martinus\/schoene-adventszeit-2\/","title":{"rendered":"Sch\u00f6ne Adventszeit"},"content":{"rendered":"\n<figure class=\"wp-block-image size-full\"><img loading=\"lazy\" decoding=\"async\" width=\"800\" height=\"600\" src=\"https:\/\/wordpress.nibis.de\/martinus\/files\/2024\/12\/advent24z.jpg\" alt=\"\" class=\"wp-image-8353\" srcset=\"https:\/\/wordpress.nibis.de\/martinus\/files\/2024\/12\/advent24z.jpg 800w, https:\/\/wordpress.nibis.de\/martinus\/files\/2024\/12\/advent24z-768x576.jpg 768w\" sizes=\"auto, (max-width: 800px) 100vw, 800px\" \/><figcaption>Immer montags beginnen wir die Woche mit einer kleinen Adventsfeier. Im Vordergrund ist das Friedenslicht zu sehen, das ein Sch\u00fcler mit in die Schule gebracht hat.<\/figcaption><\/figure>\n\n\n\n<figure class=\"wp-block-image size-full\"><img loading=\"lazy\" decoding=\"async\" width=\"800\" height=\"600\" src=\"https:\/\/wordpress.nibis.de\/martinus\/files\/2024\/12\/advent24y.jpg\" alt=\"\" class=\"wp-image-8354\" srcset=\"https:\/\/wordpress.nibis.de\/martinus\/files\/2024\/12\/advent24y.jpg 800w, https:\/\/wordpress.nibis.de\/martinus\/files\/2024\/12\/advent24y-768x576.jpg 768w\" sizes=\"auto, (max-width: 800px) 100vw, 800px\" \/><figcaption>Bei der Senioren-Adventsfeier haben wir gesungen und Gedichte aufgesagt.<\/figcaption><\/figure>\n\n\n\n<figure class=\"wp-block-image size-large\"><img loading=\"lazy\" decoding=\"async\" width=\"800\" height=\"600\" src=\"https:\/\/wordpress.nibis.de\/martinus\/files\/2024\/12\/zaubereroz24-800x600.jpg\" alt=\"\" class=\"wp-image-8355\" \/><figcaption>Besuch im Stadttheater: Gleich beginnt &#8222;Der Zauberer von Oz&#8220;<\/figcaption><\/figure>\n\n\n\n<figure class=\"wp-block-gallery has-nested-images columns-default is-cropped wp-block-gallery-1 is-layout-flex wp-block-gallery-is-layout-flex\">\n<figure class=\"wp-block-image size-large\"><img loading=\"lazy\" decoding=\"async\" width=\"800\" height=\"600\" data-id=\"8357\" src=\"https:\/\/wordpress.nibis.de\/martinus\/files\/2024\/12\/backen24.1.jpg\" alt=\"\" class=\"wp-image-8357\" srcset=\"https:\/\/wordpress.nibis.de\/martinus\/files\/2024\/12\/backen24.1.jpg 800w, https:\/\/wordpress.nibis.de\/martinus\/files\/2024\/12\/backen24.1-768x576.jpg 768w\" sizes=\"auto, (max-width: 800px) 100vw, 800px\" \/><\/figure>\n\n\n\n<figure class=\"wp-block-image size-large\"><img loading=\"lazy\" decoding=\"async\" width=\"800\" height=\"600\" data-id=\"8358\" src=\"https:\/\/wordpress.nibis.de\/martinus\/files\/2024\/12\/backen24.2.jpg\" alt=\"\" class=\"wp-image-8358\" srcset=\"https:\/\/wordpress.nibis.de\/martinus\/files\/2024\/12\/backen24.2.jpg 800w, https:\/\/wordpress.nibis.de\/martinus\/files\/2024\/12\/backen24.2-768x576.jpg 768w\" sizes=\"auto, (max-width: 800px) 100vw, 800px\" \/><\/figure>\n<figcaption class=\"blocks-gallery-caption\">Backen und Basteln in Klasse 1 und 2<\/figcaption><\/figure>\n\n\n\n<figure class=\"wp-block-image size-full\"><img loading=\"lazy\" decoding=\"async\" width=\"800\" height=\"600\" src=\"https:\/\/wordpress.nibis.de\/martinus\/files\/2024\/12\/adventsgo24.jpg\" alt=\"\" class=\"wp-image-8361\" srcset=\"https:\/\/wordpress.nibis.de\/martinus\/files\/2024\/12\/adventsgo24.jpg 800w, https:\/\/wordpress.nibis.de\/martinus\/files\/2024\/12\/adventsgo24-768x576.jpg 768w\" sizes=\"auto, (max-width: 800px) 100vw, 800px\" \/><figcaption>Die Kinder aus Klasse 2 f\u00fchren im Adventsgottesdienst &#8222;Der kleine Stern&#8220; vor.<\/figcaption><\/figure>\n\n\n\n<figure class=\"wp-block-image size-full\"><img loading=\"lazy\" decoding=\"async\" width=\"800\" height=\"600\" src=\"https:\/\/wordpress.nibis.de\/martinus\/files\/2024\/12\/adventfo24.jpg\" alt=\"\" class=\"wp-image-8363\" srcset=\"https:\/\/wordpress.nibis.de\/martinus\/files\/2024\/12\/adventfo24.jpg 800w, https:\/\/wordpress.nibis.de\/martinus\/files\/2024\/12\/adventfo24-768x576.jpg 768w\" sizes=\"auto, (max-width: 800px) 100vw, 800px\" \/><figcaption>Am Martinstag haben Kinder und Eltern P\u00e4ckchen f\u00fcr ukrainische Kinder gespendet. Nun sind die P\u00e4ckchen in der Ukraine angekommen. Frau Limmroth hat uns kleine Videos geschickt, die wir uns anschauen.<\/figcaption><\/figure>\n\n\n\n<p>Wir w\u00fcnschen allen Kindern, Eltern und Freunden der St.-Martinus-Schule gesegnete Weihnachten!<\/p>\n","protected":false},"excerpt":{"rendered":"<p>Wir w\u00fcnschen allen Kindern, Eltern und Freunden der St.-Martinus-Schule gesegnete Weihnachten!<\/p>\n","protected":false},"author":9192934,"featured_media":0,"comment_status":"closed","ping_status":"closed","sticky":false,"template":"","format":"standard","meta":{"footnotes":""},"categories":[1],"tags":[],"class_list":["post-8352","post","type-post","status-publish","format-standard","hentry","category-allgemein"],"_links":{"self":[{"href":"https:\/\/wordpress.nibis.de\/martinus\/wp-json\/wp\/v2\/posts\/8352","targetHints":{"allow":["GET"]}}],"collection":[{"href":"https:\/\/wordpress.nibis.de\/martinus\/wp-json\/wp\/v2\/posts"}],"about":[{"href":"https:\/\/wordpress.nibis.de\/martinus\/wp-json\/wp\/v2\/types\/post"}],"author":[{"embeddable":true,"href":"https:\/\/wordpress.nibis.de\/martinus\/wp-json\/wp\/v2\/users\/9192934"}],"replies":[{"embeddable":true,"href":"https:\/\/wordpress.nibis.de\/martinus\/wp-json\/wp\/v2\/comments?post=8352"}],"version-history":[{"count":4,"href":"https:\/\/wordpress.nibis.de\/martinus\/wp-json\/wp\/v2\/posts\/8352\/revisions"}],"predecessor-version":[{"id":8362,"href":"https:\/\/wordpress.nibis.de\/martinus\/wp-json\/wp\/v2\/posts\/8352\/revisions\/8362"}],"wp:attachment":[{"href":"https:\/\/wordpress.nibis.de\/martinus\/wp-json\/wp\/v2\/media?parent=8352"}],"wp:term":[{"taxonomy":"category","embeddable":true,"href":"https:\/\/wordpress.nibis.de\/martinus\/wp-json\/wp\/v2\/categories?post=8352"},{"taxonomy":"post_tag","embeddable":true,"href":"https:\/\/wordpress.nibis.de\/martinus\/wp-json\/wp\/v2\/tags?post=8352"}],"curies":[{"name":"wp","href":"https:\/\/api.w.org\/{rel}","templated":true}]}}