{"id":8366,"date":"2025-01-07T09:47:16","date_gmt":"2025-01-07T08:47:16","guid":{"rendered":"https:\/\/wordpress.nibis.de\/martinus\/?p=8366"},"modified":"2025-01-07T09:48:44","modified_gmt":"2025-01-07T08:48:44","slug":"segen-fuer-2025","status":"publish","type":"post","link":"https:\/\/wordpress.nibis.de\/martinus\/segen-fuer-2025\/","title":{"rendered":"Segen f\u00fcr 2025!"},"content":{"rendered":"\n<figure class=\"wp-block-image size-full\"><img loading=\"lazy\" decoding=\"async\" width=\"800\" height=\"284\" src=\"https:\/\/wordpress.nibis.de\/martinus\/files\/2025\/01\/sternsinger25.jpg\" alt=\"\" class=\"wp-image-8367\" srcset=\"https:\/\/wordpress.nibis.de\/martinus\/files\/2025\/01\/sternsinger25.jpg 800w, https:\/\/wordpress.nibis.de\/martinus\/files\/2025\/01\/sternsinger25-768x273.jpg 768w\" sizes=\"auto, (max-width: 800px) 100vw, 800px\" \/><\/figure>\n\n\n\n<p>In diesem Jahr haben sich viele Kinder unserer Schule als Sternsinger engagiert und auf das Thema KINDERRECHTE hingewiesen. Nachdem die Kinder uns die Segensw\u00fcnsche f\u00fcr das neue Jahr \u00fcberbracht haben, sind sie in den Martinus-Kindergarten und zu Treffpunkt Mensch in unserem Ortsteil gezogen.\u00a0\u00a0<\/p>\n","protected":false},"excerpt":{"rendered":"<p>In diesem Jahr haben sich viele Kinder unserer Schule als Sternsinger engagiert und auf das Thema KINDERRECHTE hingewiesen. Nachdem die Kinder uns die Segensw\u00fcnsche f\u00fcr das neue Jahr \u00fcberbracht haben, sind sie in den Martinus-Kindergarten und zu Treffpunkt Mensch in unserem Ortsteil gezogen.\u00a0\u00a0<\/p>\n","protected":false},"author":9192934,"featured_media":0,"comment_status":"closed","ping_status":"closed","sticky":false,"template":"","format":"standard","meta":{"footnotes":""},"categories":[1],"tags":[],"class_list":["post-8366","post","type-post","status-publish","format-standard","hentry","category-allgemein"],"_links":{"self":[{"href":"https:\/\/wordpress.nibis.de\/martinus\/wp-json\/wp\/v2\/posts\/8366","targetHints":{"allow":["GET"]}}],"collection":[{"href":"https:\/\/wordpress.nibis.de\/martinus\/wp-json\/wp\/v2\/posts"}],"about":[{"href":"https:\/\/wordpress.nibis.de\/martinus\/wp-json\/wp\/v2\/types\/post"}],"author":[{"embeddable":true,"href":"https:\/\/wordpress.nibis.de\/martinus\/wp-json\/wp\/v2\/users\/9192934"}],"replies":[{"embeddable":true,"href":"https:\/\/wordpress.nibis.de\/martinus\/wp-json\/wp\/v2\/comments?post=8366"}],"version-history":[{"count":2,"href":"https:\/\/wordpress.nibis.de\/martinus\/wp-json\/wp\/v2\/posts\/8366\/revisions"}],"predecessor-version":[{"id":8369,"href":"https:\/\/wordpress.nibis.de\/martinus\/wp-json\/wp\/v2\/posts\/8366\/revisions\/8369"}],"wp:attachment":[{"href":"https:\/\/wordpress.nibis.de\/martinus\/wp-json\/wp\/v2\/media?parent=8366"}],"wp:term":[{"taxonomy":"category","embeddable":true,"href":"https:\/\/wordpress.nibis.de\/martinus\/wp-json\/wp\/v2\/categories?post=8366"},{"taxonomy":"post_tag","embeddable":true,"href":"https:\/\/wordpress.nibis.de\/martinus\/wp-json\/wp\/v2\/tags?post=8366"}],"curies":[{"name":"wp","href":"https:\/\/api.w.org\/{rel}","templated":true}]}}