{"id":8417,"date":"2025-04-24T20:33:48","date_gmt":"2025-04-24T18:33:48","guid":{"rendered":"https:\/\/wordpress.nibis.de\/martinus\/?p=8417"},"modified":"2025-04-24T20:33:48","modified_gmt":"2025-04-24T18:33:48","slug":"2-hildesheimer-kinderkonferenz","status":"publish","type":"post","link":"https:\/\/wordpress.nibis.de\/martinus\/2-hildesheimer-kinderkonferenz\/","title":{"rendered":"2. Hildesheimer Kinderkonferenz"},"content":{"rendered":"\n<figure class=\"wp-block-image size-large is-resized\"><img loading=\"lazy\" decoding=\"async\" src=\"https:\/\/wordpress.nibis.de\/martinus\/files\/2025\/04\/Kiko425-800x600.jpg\" alt=\"\" class=\"wp-image-8418\" width=\"690\" height=\"517\" \/><figcaption>Unsere Schulsprecher mit ihrem Arbeitsergebnis im Sitzungssaal des Kreishauses<\/figcaption><\/figure>\n\n\n\n<p>Erneut haben unsere Schulsprecher demokratisches Arbeiten mit Schulsprechern anderer Hildesheimer Grundschulen erfahren. Beim gemeinsamen Austausch wurden gute Ideen f\u00fcr AG-Angebote im Ganztag gesammelt. U.a. w\u00e4ren eine Theater-, eine Sport-Mix- und eine Praxis-AG sinnvoll. Bei der &#8222;Praxis-AG&#8220; sollten &#8222;Handwerk, N\u00e4hen, Backen, Kochen&#8220; ber\u00fccksichtigt werden, &#8222;damit man im Leben zurechtkommt&#8220; &#8211; eine gute Idee der Kinder! Wir hoffen, dass wir ab 2026\/27 viele AG-W\u00fcnsche ber\u00fccksichtigen k\u00f6nnen. Danke f\u00fcr eure Teilnahme, liebe Schulsprecher!\u00a0<\/p>\n","protected":false},"excerpt":{"rendered":"<p>Erneut haben unsere Schulsprecher demokratisches Arbeiten mit Schulsprechern anderer Hildesheimer Grundschulen erfahren. Beim gemeinsamen Austausch wurden gute Ideen f\u00fcr AG-Angebote im Ganztag gesammelt. U.a. w\u00e4ren eine Theater-, eine Sport-Mix- und eine Praxis-AG sinnvoll. Bei der &#8222;Praxis-AG&#8220; sollten &#8222;Handwerk, N\u00e4hen, Backen, Kochen&#8220; ber\u00fccksichtigt werden, &#8222;damit man im Leben zurechtkommt&#8220; &#8211; eine gute Idee der Kinder! Wir &hellip; <a href=\"https:\/\/wordpress.nibis.de\/martinus\/2-hildesheimer-kinderkonferenz\/\" class=\"more-link\"><span class=\"screen-reader-text\">2. Hildesheimer Kinderkonferenz<\/span> weiterlesen<\/a><\/p>\n","protected":false},"author":9192934,"featured_media":0,"comment_status":"closed","ping_status":"closed","sticky":false,"template":"","format":"standard","meta":{"footnotes":""},"categories":[1],"tags":[],"class_list":["post-8417","post","type-post","status-publish","format-standard","hentry","category-allgemein"],"_links":{"self":[{"href":"https:\/\/wordpress.nibis.de\/martinus\/wp-json\/wp\/v2\/posts\/8417","targetHints":{"allow":["GET"]}}],"collection":[{"href":"https:\/\/wordpress.nibis.de\/martinus\/wp-json\/wp\/v2\/posts"}],"about":[{"href":"https:\/\/wordpress.nibis.de\/martinus\/wp-json\/wp\/v2\/types\/post"}],"author":[{"embeddable":true,"href":"https:\/\/wordpress.nibis.de\/martinus\/wp-json\/wp\/v2\/users\/9192934"}],"replies":[{"embeddable":true,"href":"https:\/\/wordpress.nibis.de\/martinus\/wp-json\/wp\/v2\/comments?post=8417"}],"version-history":[{"count":1,"href":"https:\/\/wordpress.nibis.de\/martinus\/wp-json\/wp\/v2\/posts\/8417\/revisions"}],"predecessor-version":[{"id":8419,"href":"https:\/\/wordpress.nibis.de\/martinus\/wp-json\/wp\/v2\/posts\/8417\/revisions\/8419"}],"wp:attachment":[{"href":"https:\/\/wordpress.nibis.de\/martinus\/wp-json\/wp\/v2\/media?parent=8417"}],"wp:term":[{"taxonomy":"category","embeddable":true,"href":"https:\/\/wordpress.nibis.de\/martinus\/wp-json\/wp\/v2\/categories?post=8417"},{"taxonomy":"post_tag","embeddable":true,"href":"https:\/\/wordpress.nibis.de\/martinus\/wp-json\/wp\/v2\/tags?post=8417"}],"curies":[{"name":"wp","href":"https:\/\/api.w.org\/{rel}","templated":true}]}}