{"id":8420,"date":"2025-04-28T07:54:08","date_gmt":"2025-04-28T05:54:08","guid":{"rendered":"https:\/\/wordpress.nibis.de\/martinus\/?p=8420"},"modified":"2025-04-28T07:54:08","modified_gmt":"2025-04-28T05:54:08","slug":"aktivitaeten-am-wochenende-gartentag-und-wedekindlauf","status":"publish","type":"post","link":"https:\/\/wordpress.nibis.de\/martinus\/aktivitaeten-am-wochenende-gartentag-und-wedekindlauf\/","title":{"rendered":"Aktivit\u00e4ten am Wochenende: Gartentag und Wedekindlauf"},"content":{"rendered":"\n<figure class=\"wp-block-image size-full\"><img loading=\"lazy\" decoding=\"async\" width=\"800\" height=\"600\" src=\"https:\/\/wordpress.nibis.de\/martinus\/files\/2025\/04\/garten25.jpg\" alt=\"\" class=\"wp-image-8421\" srcset=\"https:\/\/wordpress.nibis.de\/martinus\/files\/2025\/04\/garten25.jpg 800w, https:\/\/wordpress.nibis.de\/martinus\/files\/2025\/04\/garten25-768x576.jpg 768w\" sizes=\"auto, (max-width: 800px) 100vw, 800px\" \/><figcaption>Diese drei Kinder haben flei\u00dfig gefegt. Bei weiteren Arbeiten haben Eltern tatkr\u00e4ftig unterst\u00fctzt. Der F\u00f6rderverein sorgte wieder f\u00fcr die Bewirtung nach getaner Arbeit. DANKE an ALLE!!!<\/figcaption><\/figure>\n\n\n\n<figure class=\"wp-block-image size-large\"><img loading=\"lazy\" decoding=\"async\" width=\"776\" height=\"600\" src=\"https:\/\/wordpress.nibis.de\/martinus\/files\/2025\/04\/wedekind25-776x600.jpg\" alt=\"\" class=\"wp-image-8422\" \/><figcaption>Viele Kinder sind bei sch\u00f6nstem Wetter f\u00fcr unsere Schule gestartet. Toll, dass ihr dabei gewesen seid!<\/figcaption><\/figure>\n","protected":false},"excerpt":{"rendered":"","protected":false},"author":9192934,"featured_media":0,"comment_status":"closed","ping_status":"closed","sticky":false,"template":"","format":"standard","meta":{"footnotes":""},"categories":[1],"tags":[],"class_list":["post-8420","post","type-post","status-publish","format-standard","hentry","category-allgemein"],"_links":{"self":[{"href":"https:\/\/wordpress.nibis.de\/martinus\/wp-json\/wp\/v2\/posts\/8420","targetHints":{"allow":["GET"]}}],"collection":[{"href":"https:\/\/wordpress.nibis.de\/martinus\/wp-json\/wp\/v2\/posts"}],"about":[{"href":"https:\/\/wordpress.nibis.de\/martinus\/wp-json\/wp\/v2\/types\/post"}],"author":[{"embeddable":true,"href":"https:\/\/wordpress.nibis.de\/martinus\/wp-json\/wp\/v2\/users\/9192934"}],"replies":[{"embeddable":true,"href":"https:\/\/wordpress.nibis.de\/martinus\/wp-json\/wp\/v2\/comments?post=8420"}],"version-history":[{"count":1,"href":"https:\/\/wordpress.nibis.de\/martinus\/wp-json\/wp\/v2\/posts\/8420\/revisions"}],"predecessor-version":[{"id":8423,"href":"https:\/\/wordpress.nibis.de\/martinus\/wp-json\/wp\/v2\/posts\/8420\/revisions\/8423"}],"wp:attachment":[{"href":"https:\/\/wordpress.nibis.de\/martinus\/wp-json\/wp\/v2\/media?parent=8420"}],"wp:term":[{"taxonomy":"category","embeddable":true,"href":"https:\/\/wordpress.nibis.de\/martinus\/wp-json\/wp\/v2\/categories?post=8420"},{"taxonomy":"post_tag","embeddable":true,"href":"https:\/\/wordpress.nibis.de\/martinus\/wp-json\/wp\/v2\/tags?post=8420"}],"curies":[{"name":"wp","href":"https:\/\/api.w.org\/{rel}","templated":true}]}}