{"id":3014,"date":"2021-02-24T08:06:56","date_gmt":"2021-02-24T07:06:56","guid":{"rendered":"https:\/\/wordpress.nibis.de\/mzbs\/?p=3014"},"modified":"2021-03-07T16:51:23","modified_gmt":"2021-03-07T15:51:23","slug":"datenschutz-und-urheberrecht-im-unterricht","status":"publish","type":"post","link":"https:\/\/wordpress.nibis.de\/mzbs\/datenschutz-und-urheberrecht-im-unterricht\/","title":{"rendered":"Datenschutz und Urheberrecht im Unterricht"},"content":{"rendered":"\n<p>Auch in Coronazeiten gilt die DGSVO. Damit entstehen immer wieder Fragen dazu, was man zu beachten hat.<br>In der Veranstaltung zum Datenschutz wird erl\u00e4utert, welche Schwierigkeiten bei der Verarbeitung von personenbezogenen Daten (z.B. Noten und Andressen) entstehen und warum  die H\u00fcrden insbesondere beim Einsatz von mobilen Endger\u00e4ten hoch sind. Au\u00dferdem geht es um die Problematik von Clouddiensten und Onlineplattformen.<br>Im Zusammenhang mit Unterricht werden rechtliche Anforderungen an Onlineplattformen vorgestellt. Auch hier werden Empfehlungen aufgezeigt, wie sich Schulen und Lehrkr\u00e4fte absichern k\u00f6nnen. <strong>Bitte beachten Sie, dass die medienp\u00e4dagogischen Berater keine Rechtsberatung vornehmen. <\/strong><\/p>\n\n\n\n<p>Immer wieder ist es wichtig, sich bewusst zu machen, welche Medien im Unterricht eingesetzt werden d\u00fcrfen und welche Vorgaben bei den verschiedenen Medientypen zu beachten sind. Gerade digitale Medien bzw. digitale Kopien von Medien verlangen unsere Aufmerksamkeit. <strong>Bitte beachten Sie, dass die medienp\u00e4dagogischen Berater keine Rechtsberatung vornehmen.<\/strong><\/p>\n\n\n\n<p>\u00dcber die folgenden Links k\u00f6nnen Sie sich euf eine Warteliste setzen lassen. Sobald sich mind. 8 Personen eingetragen haben, wird ein Termin bekanntgegeben.<\/p>\n\n\n\n<p>Onlineabfrage: Datenschutz im Unterricht<br>zur Interessensbekundung: <a rel=\"noreferrer noopener\" href=\"https:\/\/vedab.de\/veranstaltungsdetails.php?vid=122892\" target=\"_blank\">https:\/\/vedab.de\/veranstaltungsdetails.php?vid=122892<\/a><\/p>\n\n\n\n<p>Onlineabfrage: Urheberrecht im Unterricht <br>zur Interessensbekundung: <a rel=\"noreferrer noopener\" href=\"https:\/\/vedab.de\/veranstaltungsdetails.php?vid=122893\" target=\"_blank\">https:\/\/vedab.de\/veranstaltungsdetails.php?vid=122893<\/a><\/p>\n\n\n\n<p>Au\u00dferdem bieten wir eine Onlineanfrage f\u00fcr die Nutzung von IServ an. Da diese Plattform in fast allen braunschweiger Schulen genutzt wird, wollen wir Sie auf dieses Angebot aufmerksam machen.<br>Onlineabfrage: Nutzung des IServ im digitalen Unterricht<br>zur Interessensbekundung: <a rel=\"noreferrer noopener\" href=\"https:\/\/vedab.de\/veranstaltungsdetails.php?vid=122891\" target=\"_blank\">https:\/\/vedab.de\/veranstaltungsdetails.php?vid=122891<\/a><\/p>\n","protected":false},"excerpt":{"rendered":"<p>Auch in Coronazeiten gilt die DGSVO. Damit entstehen immer wieder Fragen dazu, was man zu beachten hat.In der Veranstaltung zum Datenschutz wird erl\u00e4utert, welche Schwierigkeiten bei der Verarbeitung von personenbezogenen Daten (z.B. Noten und Andressen) entstehen und warum die H\u00fcrden insbesondere beim Einsatz von mobilen Endger\u00e4ten hoch sind. Au\u00dferdem geht es um die Problematik von &hellip; <a href=\"https:\/\/wordpress.nibis.de\/mzbs\/datenschutz-und-urheberrecht-im-unterricht\/\" class=\"more-link\"><span class=\"screen-reader-text\">Datenschutz und Urheberrecht im Unterricht<\/span> weiterlesen <span class=\"meta-nav\">&rarr;<\/span><\/a><\/p>\n","protected":false},"author":1434,"featured_media":3022,"comment_status":"closed","ping_status":"closed","sticky":false,"template":"","format":"standard","meta":{"footnotes":""},"categories":[38],"tags":[],"class_list":["post-3014","post","type-post","status-publish","format-standard","has-post-thumbnail","hentry","category-konzepte"],"_links":{"self":[{"href":"https:\/\/wordpress.nibis.de\/mzbs\/wp-json\/wp\/v2\/posts\/3014","targetHints":{"allow":["GET"]}}],"collection":[{"href":"https:\/\/wordpress.nibis.de\/mzbs\/wp-json\/wp\/v2\/posts"}],"about":[{"href":"https:\/\/wordpress.nibis.de\/mzbs\/wp-json\/wp\/v2\/types\/post"}],"author":[{"embeddable":true,"href":"https:\/\/wordpress.nibis.de\/mzbs\/wp-json\/wp\/v2\/users\/1434"}],"replies":[{"embeddable":true,"href":"https:\/\/wordpress.nibis.de\/mzbs\/wp-json\/wp\/v2\/comments?post=3014"}],"version-history":[{"count":4,"href":"https:\/\/wordpress.nibis.de\/mzbs\/wp-json\/wp\/v2\/posts\/3014\/revisions"}],"predecessor-version":[{"id":3030,"href":"https:\/\/wordpress.nibis.de\/mzbs\/wp-json\/wp\/v2\/posts\/3014\/revisions\/3030"}],"wp:featuredmedia":[{"embeddable":true,"href":"https:\/\/wordpress.nibis.de\/mzbs\/wp-json\/wp\/v2\/media\/3022"}],"wp:attachment":[{"href":"https:\/\/wordpress.nibis.de\/mzbs\/wp-json\/wp\/v2\/media?parent=3014"}],"wp:term":[{"taxonomy":"category","embeddable":true,"href":"https:\/\/wordpress.nibis.de\/mzbs\/wp-json\/wp\/v2\/categories?post=3014"},{"taxonomy":"post_tag","embeddable":true,"href":"https:\/\/wordpress.nibis.de\/mzbs\/wp-json\/wp\/v2\/tags?post=3014"}],"curies":[{"name":"wp","href":"https:\/\/api.w.org\/{rel}","templated":true}]}}