{"id":3378,"date":"2024-02-14T14:12:14","date_gmt":"2024-02-14T13:12:14","guid":{"rendered":"https:\/\/wordpress.nibis.de\/mzbs\/?p=3378"},"modified":"2024-02-14T14:26:40","modified_gmt":"2024-02-14T13:26:40","slug":"tag-der-offenen-tuer-das-medienzentrum-braunschweig-stellt-sich-vor","status":"publish","type":"post","link":"https:\/\/wordpress.nibis.de\/mzbs\/tag-der-offenen-tuer-das-medienzentrum-braunschweig-stellt-sich-vor\/","title":{"rendered":"Tag der offenen T\u00fcr &#8211; Das Medienzentrum Braunschweig stellt sich vor"},"content":{"rendered":"\n<p>Es ist wieder soweit: Das Medienzentrum Braunschweig \u00f6ffnet die Schr\u00e4nke und stellt die M\u00f6glichkeiten f\u00fcr Lehrkr\u00e4fte und Mitarbeitende aus Hort, Kitas, Schulkindh\u00e4user aus Braunschweig vor. Aber auch Nicht-Braunschweiger sind willkommen um sich einen Einblick verschaffen.\u00a0<br \/><br \/><\/p>\n<p>Informieren Sie sich \u00fcber:<\/p>\n<p>Robotik und informatische Bildung ab der Grundschule<\/p>\n<p>3D-Druck<\/p>\n<p>VR-Angebote<\/p>\n<p>Trickbox zur Filmproduktion\u00a0<\/p>\n<p>Materialienkoffer<\/p>\n<p>Fortbildungs- und Unterst\u00fctzungsangebote<\/p>\n<p><strong>Wann: 12.03.2024 von 10 bis 16 Uhr<\/strong><\/p>\n<p><strong>Wo: Willy-Brandt-Platz 13 (Brawopark)<\/strong><\/p>\n<p>F\u00fcr den Flyer klicken Sie bitte auf das Bild:<\/p>\n<p><a href=\"https:\/\/wordpress.nibis.de\/mzbs\/tag-der-offenen-tuer-das-medienzentrum-braunschweig-stellt-sich-vor\/bildschirmfoto-2024-02-14-um-14-24-46\/\" rel=\"attachment wp-att-3385\"><img loading=\"lazy\" decoding=\"async\" class=\"alignnone size-medium wp-image-3385\" src=\"https:\/\/wordpress.nibis.de\/mzbs\/files\/Bildschirmfoto-2024-02-14-um-14.24.46-220x300.png\" alt=\"\" width=\"220\" height=\"300\" srcset=\"https:\/\/wordpress.nibis.de\/mzbs\/files\/Bildschirmfoto-2024-02-14-um-14.24.46-220x300.png 220w, https:\/\/wordpress.nibis.de\/mzbs\/files\/Bildschirmfoto-2024-02-14-um-14.24.46-750x1024.png 750w, https:\/\/wordpress.nibis.de\/mzbs\/files\/Bildschirmfoto-2024-02-14-um-14.24.46-768x1048.png 768w, https:\/\/wordpress.nibis.de\/mzbs\/files\/Bildschirmfoto-2024-02-14-um-14.24.46-1125x1536.png 1125w, https:\/\/wordpress.nibis.de\/mzbs\/files\/Bildschirmfoto-2024-02-14-um-14.24.46.png 1244w\" sizes=\"auto, (max-width: 220px) 100vw, 220px\" \/><\/a><\/p>\n","protected":false},"excerpt":{"rendered":"<p>Es ist wieder soweit: Das Medienzentrum Braunschweig \u00f6ffnet die Schr\u00e4nke und stellt die M\u00f6glichkeiten f\u00fcr Lehrkr\u00e4fte und Mitarbeitende aus Hort, Kitas, Schulkindh\u00e4user aus Braunschweig vor. Aber auch Nicht-Braunschweiger sind willkommen um sich einen Einblick verschaffen.\u00a0 Informieren Sie sich \u00fcber: Robotik und informatische Bildung ab der Grundschule 3D-Druck VR-Angebote Trickbox zur Filmproduktion\u00a0 Materialienkoffer Fortbildungs- und Unterst\u00fctzungsangebote &hellip; <a href=\"https:\/\/wordpress.nibis.de\/mzbs\/tag-der-offenen-tuer-das-medienzentrum-braunschweig-stellt-sich-vor\/\" class=\"more-link\"><span class=\"screen-reader-text\">Tag der offenen T\u00fcr &#8211; Das Medienzentrum Braunschweig stellt sich vor<\/span> weiterlesen <span class=\"meta-nav\">&rarr;<\/span><\/a><\/p>\n","protected":false},"author":1434,"featured_media":2535,"comment_status":"closed","ping_status":"closed","sticky":false,"template":"","format":"standard","meta":{"footnotes":""},"categories":[38],"tags":[],"class_list":["post-3378","post","type-post","status-publish","format-standard","has-post-thumbnail","hentry","category-konzepte"],"_links":{"self":[{"href":"https:\/\/wordpress.nibis.de\/mzbs\/wp-json\/wp\/v2\/posts\/3378","targetHints":{"allow":["GET"]}}],"collection":[{"href":"https:\/\/wordpress.nibis.de\/mzbs\/wp-json\/wp\/v2\/posts"}],"about":[{"href":"https:\/\/wordpress.nibis.de\/mzbs\/wp-json\/wp\/v2\/types\/post"}],"author":[{"embeddable":true,"href":"https:\/\/wordpress.nibis.de\/mzbs\/wp-json\/wp\/v2\/users\/1434"}],"replies":[{"embeddable":true,"href":"https:\/\/wordpress.nibis.de\/mzbs\/wp-json\/wp\/v2\/comments?post=3378"}],"version-history":[{"count":6,"href":"https:\/\/wordpress.nibis.de\/mzbs\/wp-json\/wp\/v2\/posts\/3378\/revisions"}],"predecessor-version":[{"id":3388,"href":"https:\/\/wordpress.nibis.de\/mzbs\/wp-json\/wp\/v2\/posts\/3378\/revisions\/3388"}],"wp:featuredmedia":[{"embeddable":true,"href":"https:\/\/wordpress.nibis.de\/mzbs\/wp-json\/wp\/v2\/media\/2535"}],"wp:attachment":[{"href":"https:\/\/wordpress.nibis.de\/mzbs\/wp-json\/wp\/v2\/media?parent=3378"}],"wp:term":[{"taxonomy":"category","embeddable":true,"href":"https:\/\/wordpress.nibis.de\/mzbs\/wp-json\/wp\/v2\/categories?post=3378"},{"taxonomy":"post_tag","embeddable":true,"href":"https:\/\/wordpress.nibis.de\/mzbs\/wp-json\/wp\/v2\/tags?post=3378"}],"curies":[{"name":"wp","href":"https:\/\/api.w.org\/{rel}","templated":true}]}}