{"id":360,"date":"2016-11-30T13:00:19","date_gmt":"2016-11-30T12:00:19","guid":{"rendered":"http:\/\/wordpress.nibis.de\/mzbs\/?p=360"},"modified":"2017-03-05T10:44:38","modified_gmt":"2017-03-05T09:44:38","slug":"filmklappe","status":"publish","type":"post","link":"https:\/\/wordpress.nibis.de\/mzbs\/filmklappe\/","title":{"rendered":"Filmklappe 2017"},"content":{"rendered":"<div title=\"Page 1\">\n<div title=\"Page 1\">\n<div>\n<div>\n<p><span class=\"wp-caption-text\">Die Medienberatung Niedersachsen des NLQ l\u00e4dt ein zum<\/span><\/p>\n<h1 class=\"wp-caption-text\">10. Kurzfilmwettbewerb<\/h1>\n<\/div>\n<\/div>\n<div class=\"wp-caption-text\">\n<p><span class=\"wp-caption-text\">f\u00fcr Kinder und Jugendliche\u00a0in Braunschweig, Peine und in den Landkreisen Salzgitter, Hildesheim und Wolfenb\u00fcttel<\/span><\/p>\n<p><span style=\"color: #800080\"><em>Ab diesem Jahr ist der Landkreis Goslar NEU dabei!<\/em><\/span><\/p>\n<\/div>\n<\/div>\n<p class=\"wp-caption-text\">In der <span style=\"color: #0000ff;background-color: #ffff00\">Braunschweiger Filmklappe<\/span> <span class=\"wp-caption-text\">werden<\/span> auch <strong>2017<\/strong> Schulen gef\u00f6rdert, die einen Film drehen und ver\u00f6ffentlichen m\u00f6chten.<\/p>\n<p class=\"wp-caption-text\"><strong>Die Bedingungen<\/strong>:<\/p>\n<ul class=\"wp-caption-text\">\n<li>Die Teilnehmer\/innen m\u00fcssen <strong>noch Sch\u00fclerinnen oder Sch\u00fcler in den jeweiligen St\u00e4dten oder Regionen<\/strong> sein, in denen eine regionalen Filmklappe durchgef\u00fchrt wird.<\/li>\n<li>Es wird erwartet, dass die eingereichten Filme <strong>in erster Linie von den Kindern und Jugendlichen stammen<\/strong> und sich\u00a0 \u2013 vor allem in den drei Alterskategorien des Sekundarbereichs \u2013 die Unterst\u00fctzungsleistungen von Erwachsenen auf Beratung und Schulung beschr\u00e4nken.<\/li>\n<li><strong>Einsendeschluss<\/strong> ist der\u00a0<strong>15. September<\/strong>\u00a0eines Jahres.<\/li>\n<li>Die<strong> inhaltliche Gestaltung der Filme ist v\u00f6llig frei<\/strong>, es sei denn, es wird ein Sonderpreis f\u00fcr Filme zu einem vorgegebenen Thema ausgelobt.<\/li>\n<li>Die Filme m\u00fcssen <strong>eine nachvollziehbare Geschichte erz\u00e4hlen<\/strong> und der <strong>Einsatz filmgestalterischer Mittel muss erkennbar sein<\/strong>.<\/li>\n<li>Die L\u00e4nge eines Films darf \u2013 es ist ja ein Kurzfilmwettbewerb \u2013 <strong>maximal 15 Minuten<\/strong> (ohne den Abspann) betragen.<\/li>\n<li>Jeder Film ist in m<strong><a href=\"http:\/\/wordpress.nibis.de\/mzbs\/files\/hqdefault.jpg\"><img loading=\"lazy\" decoding=\"async\" class=\" wp-image-1679 alignright\" src=\"http:\/\/wordpress.nibis.de\/mzbs\/files\/hqdefault-300x225.jpg\" alt=\"hqdefault\" width=\"409\" height=\"307\" srcset=\"https:\/\/wordpress.nibis.de\/mzbs\/files\/hqdefault-300x225.jpg 300w, https:\/\/wordpress.nibis.de\/mzbs\/files\/hqdefault.jpg 480w\" sizes=\"auto, (max-width: 409px) 100vw, 409px\" \/><\/a><\/strong>\u00f6glichst guter Bild und Tonqualit\u00e4t als DVD oder in anderer digitaler Form einzureichen.<\/li>\n<li>Jeder Film muss zusammen mit einer vollst\u00e4ndig ausgef\u00fcllten <a href=\"https:\/\/mzbs.de\/idesk\/file\/pass.php\/Groups\/Filmklappe\/2016\/Anmeldung%20Braunschweiger%20Filmklappe%202016.pdf\">Anmeldung<\/a>, samt Lizenznachweis f\u00fcr den verwendeten Sound, eingereicht werden.<\/li>\n<li>Anmeldung und Film bitte zusammen an das Medienzentrum schicken oder pers\u00f6nlich dort abgeben. Nicht vergessen: den Filmtitel deutlich auf die jeweilige DVD oder den Datentr\u00e4ger schreiben!<\/li>\n<\/ul>\n<h3 style=\"padding-left: 60px\"><span style=\"color: #333300\"><strong><em>Medienzentrum Braunschweig<\/em><\/strong><\/span><br \/>\n<span style=\"color: #333300\"> <strong><em>Bohlweg 52<\/em><\/strong><\/span><br \/>\n<span style=\"color: #333300\"> <strong><em>38100 Braunschweig<\/em><\/strong><\/span><\/h3>\n<h3 style=\"padding-left: 60px\"><span style=\"color: #333300\"><em><strong>Stichwort: &#8222;Braunschweiger Filmklappe 2017&#8220;<\/strong><\/em><\/span><\/h3>\n<ul class=\"wp-caption-text\">\n<li><strong>Es darf nur lizenz- und GEMA-freie Musik verwendet werden, bzw. Lizenzvertrag in Kopie beilegen.<\/strong><\/li>\n<li><strong>Der Einsender erkl\u00e4rt mit seiner Unterschrift, dass er mit der \u00f6ffentlichen Auff\u00fchrung und Nutzung seiner Arbeit \u2013 u.a. im Internet oder durch andere Arten der Ver\u00f6ffentlichung \u2013 einverstanden ist und die Teilnahmebedingungen anerkennt.<\/strong><\/li>\n<\/ul>\n<p><a href=\"http:\/\/wordpress.nibis.de\/mzbs\/files\/Braunschweig_Plakat_2017-1.pdf\" rel=\"attachment wp-att-1820\"><img loading=\"lazy\" decoding=\"async\" class=\"alignright wp-image-1905 size-medium\" title=\"Plakat Braunschweiger Filmklappe 2017\" src=\"http:\/\/wordpress.nibis.de\/mzbs\/files\/Braunschweig_Plakat_2017-1-212x300.jpg\" width=\"212\" height=\"300\" \/><\/a><\/p>\n<p><a title=\"Urheberrecht\" href=\"http:\/\/wordpress.nibis.de\/filmklappe\/files\/Empfehlungen_zum_Urheberrecht_bei_Schuelerfilmproduktionen.pdf\">\u2192 N\u00e4heres zum Thema Urheberrecht <\/a><\/p>\n<p><a title=\"Flyer 2017\" href=\"http:\/\/wordpress.nibis.de\/mzbs\/files\/Braunschweig_Flyer_2017.pdf\" target=\"_blank\">\u2192 weitere Informationen auf dem Flyer der Braunschweiger Filmklappe 2017 <\/a><\/p>\n<p><a title=\"Anmeldeformular 2017\" href=\"http:\/\/wordpress.nibis.de\/mzbs\/files\/Anmeldung-Braunschweiger-Filmklappe-2017.pdf\" target=\"_blank\">\u2192\u00a0Zum Anmeldeformular 2017<\/a><\/p>\n<p><a title=\"YouTube Kanal\" href=\"https:\/\/www.youtube.com\/channel\/UCyIcgzmA40a0UMmPpe1i3Gw\">\u2192 Preistr\u00e4gerfilme der Braunschweiger Filmklappe 2015 und 2016 auf YouTube<\/a><\/p>\n<p>F\u00fcr Fragen und Ausk\u00fcnfte stehe ich Ihnen gerne zur Verf\u00fcgung:\u00a0 &#122;&#x69;&#101;&#x6e;&#116;&#x65;&#107;&#x40;&#110;&#x69;&#98;&#x69;s&#x2e;d&#x65; (Michael Zientek, Medienp\u00e4dagogischer Berater des NLQ am MZBS)<\/p>\n<\/div>\n","protected":false},"excerpt":{"rendered":"<p>Die Medienberatung Niedersachsen des NLQ l\u00e4dt ein zum 10. Kurzfilmwettbewerb f\u00fcr Kinder und Jugendliche\u00a0in Braunschweig, Peine und in den Landkreisen Salzgitter, Hildesheim und Wolfenb\u00fcttel Ab diesem Jahr ist der Landkreis Goslar NEU dabei! In der Braunschweiger Filmklappe werden auch 2017 Schulen gef\u00f6rdert, die einen Film drehen und ver\u00f6ffentlichen m\u00f6chten. Die Bedingungen: Die Teilnehmer\/innen m\u00fcssen noch &hellip; <a href=\"https:\/\/wordpress.nibis.de\/mzbs\/filmklappe\/\" class=\"more-link\"><span class=\"screen-reader-text\">Filmklappe 2017<\/span> weiterlesen <span class=\"meta-nav\">&rarr;<\/span><\/a><\/p>\n","protected":false},"author":803,"featured_media":1679,"comment_status":"closed","ping_status":"closed","sticky":false,"template":"","format":"standard","meta":{"footnotes":""},"categories":[13],"tags":[152,76,236,151,260,268,150,116,114,77,149],"class_list":["post-360","post","type-post","status-publish","format-standard","has-post-thumbnail","hentry","category-filmbildung","tag-aktive-medienarbeit","tag-film","tag-filmbildung","tag-filmklappe","tag-filmklappe-2016","tag-filmklappe-2017","tag-hildesheim","tag-kooperation","tag-peine","tag-wettbewerb","tag-wolfenbuettel"],"_links":{"self":[{"href":"https:\/\/wordpress.nibis.de\/mzbs\/wp-json\/wp\/v2\/posts\/360","targetHints":{"allow":["GET"]}}],"collection":[{"href":"https:\/\/wordpress.nibis.de\/mzbs\/wp-json\/wp\/v2\/posts"}],"about":[{"href":"https:\/\/wordpress.nibis.de\/mzbs\/wp-json\/wp\/v2\/types\/post"}],"author":[{"embeddable":true,"href":"https:\/\/wordpress.nibis.de\/mzbs\/wp-json\/wp\/v2\/users\/803"}],"replies":[{"embeddable":true,"href":"https:\/\/wordpress.nibis.de\/mzbs\/wp-json\/wp\/v2\/comments?post=360"}],"version-history":[{"count":39,"href":"https:\/\/wordpress.nibis.de\/mzbs\/wp-json\/wp\/v2\/posts\/360\/revisions"}],"predecessor-version":[{"id":1910,"href":"https:\/\/wordpress.nibis.de\/mzbs\/wp-json\/wp\/v2\/posts\/360\/revisions\/1910"}],"wp:featuredmedia":[{"embeddable":true,"href":"https:\/\/wordpress.nibis.de\/mzbs\/wp-json\/wp\/v2\/media\/1679"}],"wp:attachment":[{"href":"https:\/\/wordpress.nibis.de\/mzbs\/wp-json\/wp\/v2\/media?parent=360"}],"wp:term":[{"taxonomy":"category","embeddable":true,"href":"https:\/\/wordpress.nibis.de\/mzbs\/wp-json\/wp\/v2\/categories?post=360"},{"taxonomy":"post_tag","embeddable":true,"href":"https:\/\/wordpress.nibis.de\/mzbs\/wp-json\/wp\/v2\/tags?post=360"}],"curies":[{"name":"wp","href":"https:\/\/api.w.org\/{rel}","templated":true}]}}