{"id":803,"date":"2015-07-07T10:14:45","date_gmt":"2015-07-07T08:14:45","guid":{"rendered":"http:\/\/wordpress.nibis.de\/mzbs\/?p=803"},"modified":"2015-07-13T10:23:54","modified_gmt":"2015-07-13T08:23:54","slug":"hebelkiste","status":"publish","type":"post","link":"https:\/\/wordpress.nibis.de\/mzbs\/hebelkiste\/","title":{"rendered":"Die Hebelkiste &#8211; viel mehr als eine Materialkiste"},"content":{"rendered":"<p><a style=\"color: #ff4b33;line-height: 24px;font-size: 16px\" href=\"http:\/\/wordpress.nibis.de\/mzbs\/files\/hebelkiste-artikelbild300.png\"><img loading=\"lazy\" decoding=\"async\" class=\"alignright wp-image-807\" src=\"http:\/\/wordpress.nibis.de\/mzbs\/files\/hebelkiste-artikelbild300.png\" alt=\"hebelkiste-artikelbild300\" width=\"180\" height=\"148\" \/><\/a><\/p>\n<p style=\"text-align: left\"><strong>Die Hebelkiste &#8211; viel mehr als eine Materialkiste f\u00fcr die Grundschule!\u00a0<\/strong><\/p>\n<p style=\"text-align: left\">Die Hebelkiste beinhaltet zwei Stationsl\u00e4ufe und richtet sich vorwiegend an ein 3.\/4. Schuljahr.<\/p>\n<p>Sie k\u00f6nnen Sie im <a title=\"Medienverleih\" href=\"http:\/\/www.braunschweig.de\/schulservice\/medienverleih\/\">\u00a0Verleih des Medienzentrums <\/a> ggf. auch f\u00fcr mehrere Wochen erhalten, wenn Sie zuvor an einer <a title=\"Fortbildung zur Hebelkiste\" href=\"http:\/\/wordpress.nibis.de\/mzbs\/hebelkiste-fobi\/\">obligatorischen Fortbildung<\/a> teilgenommen haben.<\/p>\n<p><a href=\"http:\/\/wordpress.nibis.de\/mzbs\/files\/Banner-Hebelkiste1.jpg\"><img loading=\"lazy\" decoding=\"async\" class=\"alignleft size-full wp-image-427\" src=\"http:\/\/wordpress.nibis.de\/mzbs\/files\/Banner-Hebelkiste1.jpg\" alt=\"Banner-Hebelkiste1\" width=\"700\" height=\"112\" srcset=\"https:\/\/wordpress.nibis.de\/mzbs\/files\/Banner-Hebelkiste1.jpg 700w, https:\/\/wordpress.nibis.de\/mzbs\/files\/Banner-Hebelkiste1-300x48.jpg 300w\" sizes=\"auto, (max-width: 700px) 100vw, 700px\" \/><\/a><\/p>\n<p><em>Die \u201eHebelkiste\u201c m\u00f6chte Kindern die M\u00f6glichkeit bieten, selbstt\u00e4tig zu erleben, dass sie sehr wohl in der Lage sind, technische Funktionsweisen zu entdecken und zu erkl\u00e4ren sowie technische Zusammenh\u00e4nge nachzuvollziehen und zu verstehen. Dass sie f\u00e4hig sind, selbst Dinge zu erfinden, zu konstruieren und in Funktion zu setzen sowie eigenst\u00e4ndig individuelle L\u00f6sungen finden k\u00f6nnen. <\/em><\/p>\n<p><em>Beim Bauen lassen sich Funktionen <strong>spielerisch entdecken<\/strong> und <strong>technische Zusammenh\u00e4nge verstehen<\/strong>. Dabei stehen nicht das Thema \u201eHebel\u201c oder physikalische Gesetzm\u00e4\u00dfigkeiten im Vordergrund, sondern das <strong>individuelle Erlebnis<\/strong>: <strong>Ich kann mir selbst etwas ausdenken, es bauen und dadurch verstehen, wie es funktioniert.<\/strong> <\/em><\/p>\n<p><em>Die Kisten sind so gut konzipiert und im Detail durchdacht, dass Lehrerinnen und Lehrer mit vergleichsweise geringem Vorbereitungs- und Nachbereitungsaufwand\u00a0 arbeiten k\u00f6nnen! Fotos und zahlreiche Hinweiskarten helfen den Kindern und Lehrpersonal beim Auf- und Abbau der Stationen.<br \/>\n<\/em><\/p>\n<p><a title=\"Hebelkiste Kurzinfo\" href=\"http:\/\/hebelkiste.mzbs.de\/kurzinfo.pdf\">Mehr dazu in unserem\u00a0\u2192 Kurzinfo<\/a><\/p>\n<p><a title=\"Curriculum Sachunterricht\" href=\"http:\/\/www.nibis.de\/nibis.php?menid=4361\">Einordnung in das Curriculum des Sachunterrichts auf dem NiBiS<\/a><\/p>\n<p>Wenn Sie die geniale und sehr beliebte Materialkiste im Unterricht einsetzen m\u00f6chten, ben\u00f6tigen Sie zuvor eine Fortbildung von uns. Frau Angela Walter (Grundschule Klint) ist eine Multiplikatorin, die Ihnen in einem f\u00fcnfst\u00fcndigen praxisorientierten Workshop den Einsatz im Unterricht n\u00e4her bringt.Bitte recherchieren Sie mit dem Suchwort Hebelkiste in der VeDaB. Alle Veranstaltungen mit der Kennung MZBS werden von uns in Braunschweig angeboten. <a title=\"Die VeDaB des MZBS\" href=\"http:\/\/wordpress.nibis.de\/mzbs\/vedab-mzbs\/\">Mehr dazu \u2192\u00a0HIER<\/a><\/p>\n","protected":false},"excerpt":{"rendered":"<p>Die Hebelkiste &#8211; viel mehr als eine Materialkiste f\u00fcr die Grundschule!\u00a0 Die Hebelkiste beinhaltet zwei Stationsl\u00e4ufe und richtet sich vorwiegend an ein 3.\/4. Schuljahr. Sie k\u00f6nnen Sie im \u00a0Verleih des Medienzentrums ggf. auch f\u00fcr mehrere Wochen erhalten, wenn Sie zuvor an einer obligatorischen Fortbildung teilgenommen haben. Die \u201eHebelkiste\u201c m\u00f6chte Kindern die M\u00f6glichkeit bieten, selbstt\u00e4tig zu &hellip; <a href=\"https:\/\/wordpress.nibis.de\/mzbs\/hebelkiste\/\" class=\"more-link\"><span class=\"screen-reader-text\">Die Hebelkiste &#8211; viel mehr als eine Materialkiste<\/span> weiterlesen <span class=\"meta-nav\">&rarr;<\/span><\/a><\/p>\n","protected":false},"author":120,"featured_media":807,"comment_status":"closed","ping_status":"open","sticky":false,"template":"","format":"standard","meta":{"footnotes":""},"categories":[73,35,1,103,12],"tags":[127,233,234,242,165,78,192,137,229,230,227,231,247,53,235,232],"class_list":["post-803","post","type-post","status-publish","format-standard","has-post-thumbnail","hentry","category-fobi","category-grundschulen","category-medienangebot","category-unterricht","category-verleih","tag-curriculum","tag-erlebnis","tag-fortbildung","tag-grundschulen","tag-hebelkiste","tag-mzbs","tag-perspektive-technik","tag-sachunterricht","tag-selbsttaetig","tag-spielerisch-entdecken","tag-stiftung-niedersachsenmetall","tag-technische-zusammenhaenge","tag-unterricht","tag-vedab","tag-verleih","tag-verstehen"],"_links":{"self":[{"href":"https:\/\/wordpress.nibis.de\/mzbs\/wp-json\/wp\/v2\/posts\/803","targetHints":{"allow":["GET"]}}],"collection":[{"href":"https:\/\/wordpress.nibis.de\/mzbs\/wp-json\/wp\/v2\/posts"}],"about":[{"href":"https:\/\/wordpress.nibis.de\/mzbs\/wp-json\/wp\/v2\/types\/post"}],"author":[{"embeddable":true,"href":"https:\/\/wordpress.nibis.de\/mzbs\/wp-json\/wp\/v2\/users\/120"}],"replies":[{"embeddable":true,"href":"https:\/\/wordpress.nibis.de\/mzbs\/wp-json\/wp\/v2\/comments?post=803"}],"version-history":[{"count":21,"href":"https:\/\/wordpress.nibis.de\/mzbs\/wp-json\/wp\/v2\/posts\/803\/revisions"}],"predecessor-version":[{"id":1619,"href":"https:\/\/wordpress.nibis.de\/mzbs\/wp-json\/wp\/v2\/posts\/803\/revisions\/1619"}],"wp:featuredmedia":[{"embeddable":true,"href":"https:\/\/wordpress.nibis.de\/mzbs\/wp-json\/wp\/v2\/media\/807"}],"wp:attachment":[{"href":"https:\/\/wordpress.nibis.de\/mzbs\/wp-json\/wp\/v2\/media?parent=803"}],"wp:term":[{"taxonomy":"category","embeddable":true,"href":"https:\/\/wordpress.nibis.de\/mzbs\/wp-json\/wp\/v2\/categories?post=803"},{"taxonomy":"post_tag","embeddable":true,"href":"https:\/\/wordpress.nibis.de\/mzbs\/wp-json\/wp\/v2\/tags?post=803"}],"curies":[{"name":"wp","href":"https:\/\/api.w.org\/{rel}","templated":true}]}}