{"id":2171,"date":"2021-05-26T12:24:04","date_gmt":"2021-05-26T10:24:04","guid":{"rendered":"https:\/\/wordpress.nibis.de\/obshilter\/?p=2171"},"modified":"2021-09-28T14:04:36","modified_gmt":"2021-09-28T12:04:36","slug":"obs-hilter-und-evangelischen-fachschulen-kooperieren-bei-der-berufsorientierung","status":"publish","type":"post","link":"https:\/\/wordpress.nibis.de\/obshilter\/2021\/05\/26\/obs-hilter-und-evangelischen-fachschulen-kooperieren-bei-der-berufsorientierung\/","title":{"rendered":"OBS Hilter und Evangelischen Fachschulen kooperieren bei der Berufsorientierung"},"content":{"rendered":"\n<figure class=\"wp-block-image size-large\"><img loading=\"lazy\" decoding=\"async\" width=\"800\" height=\"535\" src=\"https:\/\/wordpress.nibis.de\/obshilter\/files\/2021\/05\/Koop_OBS-Hilter_EFS-red.jpg\" alt=\"\" class=\"wp-image-2173\" srcset=\"https:\/\/wordpress.nibis.de\/obshilter\/files\/2021\/05\/Koop_OBS-Hilter_EFS-red.jpg 800w, https:\/\/wordpress.nibis.de\/obshilter\/files\/2021\/05\/Koop_OBS-Hilter_EFS-red-768x514.jpg 768w\" sizes=\"auto, (max-width: 800px) 100vw, 800px\" \/><figcaption><em>Sie wollen Jugendlichen gemeinsam die Berufe Erzieher*in und Sozialassistenz\/sozialp\u00e4dagogische Assistent*innen nahebringen (von links): Silvia Retta-Juchem, ESF-Lehrkraft, Gero Niebuhr, Berufsorientierungsbeauftragter der OBS Hilter, ESF-Schulleiterin Ulrike Kl\u00e4fker, Ma\u00dfArbeit-Vorstand Lars Hellmers, OBS-Schulleiterin Ute Haehnel und Katja Bielefeld von der Servicestelle Schule-Wirtschaft der Ma\u00dfArbeit.<\/em><br><em>Foto: Ma\u00dfArbeit \/ Hermann Pentermann<\/em><\/figcaption><\/figure>\n\n\n<p>Nicht immer geht es bei Berufsorientierung f\u00fcr Jugendliche um Praktika oder Einblicke in den Berufsalltag in einem Unternehmen. Das zeigt die jetzt besiegelte Kooperation der Oberschule (OBS) Hilter und der Evangelischen Fachschulen (EFS) in Osnabr\u00fcck. So r\u00fcckt ein Baustein im umfangreichen Projektplan das Thema \u201eCybermobbing\u201c in den Fokus. \u201eWir wollen gemeinsam junge Menschen f\u00fcr die Berufe Erzieherin sowie Sozialassistenz\/sozialp\u00e4dagogische Assistentinnen begeistern. Berufsorientierung und \u2013vorbereitung in diesem Bereich haben sehr viel mit der St\u00e4rkung sozialer Kompetenzen der Sch\u00fclerinnen und Sch\u00fcler zu tun\u201c, schildert OBS-Schulleiterin Ute Haehnel die Motivation der Partner.<\/p>\n<p><\/p>\n<p>Die Evangelischen Fachschulen Osnabr\u00fcck bilden seit \u00fcber 90 Jahren Erzieherinnen und Erzieher aus. \u201eMit dieser Breitbandausbildung haben Absolventen die Auswahl unter vielen interessanten Arbeitsfeldern von der Fr\u00fchp\u00e4dagogik bis zur Jugendhilfe\u201c, beschreibt &nbsp;EFS-Schulleiterin Ulrike Kl\u00e4fker. Die Ausbildung spreche vielf\u00e4ltige Begabungen an und sorge f\u00fcr eine kontinuierliche Entwicklung von Pers\u00f6nlichkeit und Haltung: \u201eIn der gemeinsamen Projektarbeit wollen wir Jugendliche in der Berufsfindungsphase informieren und zur Auseinandersetzung mit ihren F\u00e4higkeiten, Interessen und Zukunftsm\u00f6glichkeiten anregen,\u201c skizzierte die P\u00e4dagogin.<\/p>\n<p><\/p>\n<p>Die Kooperation ist im Rahmen des von Ulrike Kl\u00e4fker geleiteten und dem Europ\u00e4ischen Sozialfonds (EFS) gef\u00f6rderten Projektes \u201eWir machen mehr AUS-Bildung &#8211; Fachkr\u00e4fte f\u00fcr die KiTas!\u201c entstanden, an dem auch die Servicestelle Schule-Wirtschaft der Ma\u00dfArbeit mitwirkt. \u201eDie Servicestelle baut unter anderem Kooperationen zwischen den EFS und allgemeinbildenden Schulen auf, um die erziehenden Berufe f\u00fcr m\u00f6glichst viele Jugendliche erfahrbar zu machen\u201c, erkl\u00e4rte Ma\u00dfArbeit-Vorstand Lars Hellmers. Er wies auf die starke Nachfrage des Arbeitsmarktes nach Fachkr\u00e4ften im Erziehungsbereich hin: \u201eMit bundesweit \u00fcber einer Million Mitarbeitenden ist dieser Bereich der aktuell gr\u00f6\u00dfte Wachstumsmarkt in der Bundesrepublik.\u201c<\/p>\n<p><\/p>\n<p>Die Oberschule Hilter hat bereits eine Kooperation mit B.Braun Prolabor aus Hilter. \u201eIn Zusammenarbeit mit den EFS k\u00f6nnen wir unseren Jugendlichen jetzt auch im sozialen Bereich spannende Angebote machen\u201c, so OBS-Berufsorientierungsbeauftragter Gero Niebuhr. Die neue Kooperation ist dar\u00fcber hinaus Corona-fest: \u201eAlle Module des Kooperationsplanes k\u00f6nnen bei Bedarf auch digital realisiert werden\u201c, betonte Niebuhr. So beteiligten sich die EFS auch an der schulinternen Messe \u201eBetriebe in der Schule BIDS\u201c. Die Oberschule Hilter setzt die Messe in diesem Jahr ausschlie\u00dflich digital um.<\/p>\n<p><\/p>\n<p>Doch der umfangreiche Projektplan bietet viele weitere Ma\u00dfnahmen, wie einen Fachtag an den EFS oder einen Babysitter-Kurs. Besonders begeistert ist Katja Bielefeld von der Servicestelle Schule-Wirtschaft aber vom Planspiel Cybermobbing: \u201eZum einen werden die Jugendlichen f\u00fcr das Thema sensibilisiert, zum anderen findet spielerische Berufsorientierung statt, indem Ausbildungsinhalte aktiv in den Unterricht eingebunden werden\u201c, so Bielefeld. Das Ergebnis sei eine Win-Win-Situation in vielfacher Hinsicht: Pr\u00e4vention, Berufsorientierung und F\u00f6rderung der Soft Skills.&nbsp;<\/p>\n<p>\u00a7 &nbsp;Pressemitteilung Landkreis Osnabr\u00fcck<\/p>","protected":false},"excerpt":{"rendered":"<p>Nicht immer geht es bei Berufsorientierung f\u00fcr Jugendliche um Praktika oder Einblicke in den Berufsalltag in einem Unternehmen. Das zeigt die jetzt besiegelte Kooperation der Oberschule (OBS) Hilter und der Evangelischen Fachschulen (EFS) in Osnabr\u00fcck. So r\u00fcckt ein Baustein im umfangreichen Projektplan das Thema \u201eCybermobbing\u201c in den Fokus. \u201eWir wollen gemeinsam junge Menschen f\u00fcr die Berufe Erzieherin sowie Sozialassistenz\/sozialp\u00e4dagogische Assistentinnen begeistern. Berufsorientierung und \u2013vorbereitung in diesem Bereich haben sehr viel mit der St\u00e4rkung sozialer Kompetenzen der Sch\u00fclerinnen und Sch\u00fcler zu&#8230;<\/p>\n<p class=\"read-more\"><a class=\"btn btn-default\" href=\"https:\/\/wordpress.nibis.de\/obshilter\/2021\/05\/26\/obs-hilter-und-evangelischen-fachschulen-kooperieren-bei-der-berufsorientierung\/\">Weiterlesen<span class=\"screen-reader-text\"> Weiterlesen<\/span><\/a><\/p>\n","protected":false},"author":9192668,"featured_media":2173,"comment_status":"closed","ping_status":"closed","sticky":false,"template":"","format":"standard","meta":{"_acf_changed":false,"footnotes":""},"categories":[4],"tags":[],"class_list":["post-2171","post","type-post","status-publish","format-standard","has-post-thumbnail","hentry","category-news-startseite"],"acf":[],"_links":{"self":[{"href":"https:\/\/wordpress.nibis.de\/obshilter\/wp-json\/wp\/v2\/posts\/2171","targetHints":{"allow":["GET"]}}],"collection":[{"href":"https:\/\/wordpress.nibis.de\/obshilter\/wp-json\/wp\/v2\/posts"}],"about":[{"href":"https:\/\/wordpress.nibis.de\/obshilter\/wp-json\/wp\/v2\/types\/post"}],"author":[{"embeddable":true,"href":"https:\/\/wordpress.nibis.de\/obshilter\/wp-json\/wp\/v2\/users\/9192668"}],"replies":[{"embeddable":true,"href":"https:\/\/wordpress.nibis.de\/obshilter\/wp-json\/wp\/v2\/comments?post=2171"}],"version-history":[{"count":2,"href":"https:\/\/wordpress.nibis.de\/obshilter\/wp-json\/wp\/v2\/posts\/2171\/revisions"}],"predecessor-version":[{"id":2422,"href":"https:\/\/wordpress.nibis.de\/obshilter\/wp-json\/wp\/v2\/posts\/2171\/revisions\/2422"}],"wp:featuredmedia":[{"embeddable":true,"href":"https:\/\/wordpress.nibis.de\/obshilter\/wp-json\/wp\/v2\/media\/2173"}],"wp:attachment":[{"href":"https:\/\/wordpress.nibis.de\/obshilter\/wp-json\/wp\/v2\/media?parent=2171"}],"wp:term":[{"taxonomy":"category","embeddable":true,"href":"https:\/\/wordpress.nibis.de\/obshilter\/wp-json\/wp\/v2\/categories?post=2171"},{"taxonomy":"post_tag","embeddable":true,"href":"https:\/\/wordpress.nibis.de\/obshilter\/wp-json\/wp\/v2\/tags?post=2171"}],"curies":[{"name":"wp","href":"https:\/\/api.w.org\/{rel}","templated":true}]}}