{"id":2415,"date":"2021-09-28T14:12:40","date_gmt":"2021-09-28T12:12:40","guid":{"rendered":"https:\/\/wordpress.nibis.de\/obshilter\/?p=2415"},"modified":"2021-09-28T14:15:44","modified_gmt":"2021-09-28T12:15:44","slug":"babys-wickeln-kein-problem","status":"publish","type":"post","link":"https:\/\/wordpress.nibis.de\/obshilter\/2021\/09\/28\/babys-wickeln-kein-problem\/","title":{"rendered":"Babys wickeln \u2013 kein Problem!"},"content":{"rendered":"\n<p><strong>Babys wickeln \u2013 kein Problem!<\/strong><\/p>\n<p>Am Ende des Schuljahres 20\/21 erhielt die Oberschule Besuch von den Sch\u00fcler*innen der evangelischen Fachschule f\u00fcr Sozialp\u00e4dagogik. Eine ganze Schulklasse unterrichtete unter der Leitung von Silvia Retta-Juchem 20 interessierte Achtkl\u00e4ssler*innen im Umgang mit Babys und Kleinkindern. Es ging nicht nur um Windeln wechseln und eine Babytrage anlegen, sondern auch um die Besch\u00e4ftigung mit den Kleinkindern. Spiele und gemeinsame Malaktionen wurden durchgef\u00fchrt. In Kleingruppen konnten die Obersch\u00fcler*innen an unterschiedlichen Workshops teilnehmen. Am Ende der Veranstaltung erhielten die Sch\u00fcler*innen ein Zertifikat \u00fcber das Erlernte \u2013 20 frischgebackene Babysitter warten nun auf eine Besch\u00e4ftigung.<\/p>\n\n\n\n<figure class=\"wp-block-gallery columns-3 is-cropped is-style-tw-img-rounded tw-cols-large wp-block-gallery-1 is-layout-flex wp-block-gallery-is-layout-flex\"><ul class=\"blocks-gallery-grid\"><li class=\"blocks-gallery-item\"><figure><img loading=\"lazy\" decoding=\"async\" width=\"1200\" height=\"675\" src=\"https:\/\/wordpress.nibis.de\/obshilter\/files\/2021\/09\/Clipart002-1200x675.jpg\" alt=\"\" data-id=\"2418\" data-full-url=\"https:\/\/wordpress.nibis.de\/obshilter\/files\/2021\/09\/Clipart002.jpg\" data-link=\"https:\/\/wordpress.nibis.de\/obshilter\/?attachment_id=2418\" class=\"wp-image-2418\" srcset=\"https:\/\/wordpress.nibis.de\/obshilter\/files\/2021\/09\/Clipart002-1200x675.jpg 1200w, https:\/\/wordpress.nibis.de\/obshilter\/files\/2021\/09\/Clipart002-850x478.jpg 850w, https:\/\/wordpress.nibis.de\/obshilter\/files\/2021\/09\/Clipart002-250x141.jpg 250w\" sizes=\"auto, (max-width: 1200px) 100vw, 1200px\" \/><\/figure><\/li><li class=\"blocks-gallery-item\"><figure><img loading=\"lazy\" decoding=\"async\" width=\"1200\" height=\"675\" src=\"https:\/\/wordpress.nibis.de\/obshilter\/files\/2021\/09\/Clipart003-1200x675.jpg\" alt=\"\" data-id=\"2419\" data-full-url=\"https:\/\/wordpress.nibis.de\/obshilter\/files\/2021\/09\/Clipart003.jpg\" data-link=\"https:\/\/wordpress.nibis.de\/obshilter\/?attachment_id=2419\" class=\"wp-image-2419\" srcset=\"https:\/\/wordpress.nibis.de\/obshilter\/files\/2021\/09\/Clipart003-1200x675.jpg 1200w, https:\/\/wordpress.nibis.de\/obshilter\/files\/2021\/09\/Clipart003-850x478.jpg 850w, https:\/\/wordpress.nibis.de\/obshilter\/files\/2021\/09\/Clipart003-250x141.jpg 250w\" sizes=\"auto, (max-width: 1200px) 100vw, 1200px\" \/><\/figure><\/li><li class=\"blocks-gallery-item\"><figure><img loading=\"lazy\" decoding=\"async\" width=\"1200\" height=\"675\" src=\"https:\/\/wordpress.nibis.de\/obshilter\/files\/2021\/09\/Clipart004-1200x675.jpg\" alt=\"\" data-id=\"2420\" data-full-url=\"https:\/\/wordpress.nibis.de\/obshilter\/files\/2021\/09\/Clipart004.jpg\" data-link=\"https:\/\/wordpress.nibis.de\/obshilter\/?attachment_id=2420\" class=\"wp-image-2420\" srcset=\"https:\/\/wordpress.nibis.de\/obshilter\/files\/2021\/09\/Clipart004-1200x675.jpg 1200w, https:\/\/wordpress.nibis.de\/obshilter\/files\/2021\/09\/Clipart004-850x478.jpg 850w, https:\/\/wordpress.nibis.de\/obshilter\/files\/2021\/09\/Clipart004-250x141.jpg 250w\" sizes=\"auto, (max-width: 1200px) 100vw, 1200px\" \/><\/figure><\/li><li class=\"blocks-gallery-item\"><figure><img loading=\"lazy\" decoding=\"async\" width=\"1200\" height=\"675\" src=\"https:\/\/wordpress.nibis.de\/obshilter\/files\/2021\/09\/Clipart001-1200x675.jpg\" alt=\"\" data-id=\"2421\" data-full-url=\"https:\/\/wordpress.nibis.de\/obshilter\/files\/2021\/09\/Clipart001.jpg\" data-link=\"https:\/\/wordpress.nibis.de\/obshilter\/?attachment_id=2421\" class=\"wp-image-2421\" srcset=\"https:\/\/wordpress.nibis.de\/obshilter\/files\/2021\/09\/Clipart001-1200x675.jpg 1200w, https:\/\/wordpress.nibis.de\/obshilter\/files\/2021\/09\/Clipart001-850x478.jpg 850w, https:\/\/wordpress.nibis.de\/obshilter\/files\/2021\/09\/Clipart001-250x141.jpg 250w\" sizes=\"auto, (max-width: 1200px) 100vw, 1200px\" \/><\/figure><\/li><\/ul><\/figure>\n","protected":false},"excerpt":{"rendered":"<p>Babys wickeln \u2013 kein Problem! Am Ende des Schuljahres 20\/21 erhielt die Oberschule Besuch von den Sch\u00fcler*innen der evangelischen Fachschule f\u00fcr Sozialp\u00e4dagogik. Eine ganze Schulklasse unterrichtete unter der Leitung von Silvia Retta-Juchem 20 interessierte Achtkl\u00e4ssler*innen im Umgang mit Babys und Kleinkindern. Es ging nicht nur um Windeln wechseln und eine Babytrage anlegen, sondern auch um die Besch\u00e4ftigung mit den Kleinkindern. Spiele und gemeinsame Malaktionen wurden durchgef\u00fchrt. In Kleingruppen konnten die Obersch\u00fcler*innen an unterschiedlichen Workshops teilnehmen. Am Ende der Veranstaltung erhielten&#8230;<\/p>\n<p class=\"read-more\"><a class=\"btn btn-default\" href=\"https:\/\/wordpress.nibis.de\/obshilter\/2021\/09\/28\/babys-wickeln-kein-problem\/\">Weiterlesen<span class=\"screen-reader-text\"> Weiterlesen<\/span><\/a><\/p>\n","protected":false},"author":9193215,"featured_media":2421,"comment_status":"closed","ping_status":"closed","sticky":false,"template":"","format":"standard","meta":{"_acf_changed":false,"footnotes":""},"categories":[4],"tags":[],"class_list":["post-2415","post","type-post","status-publish","format-standard","has-post-thumbnail","hentry","category-news-startseite"],"acf":[],"_links":{"self":[{"href":"https:\/\/wordpress.nibis.de\/obshilter\/wp-json\/wp\/v2\/posts\/2415","targetHints":{"allow":["GET"]}}],"collection":[{"href":"https:\/\/wordpress.nibis.de\/obshilter\/wp-json\/wp\/v2\/posts"}],"about":[{"href":"https:\/\/wordpress.nibis.de\/obshilter\/wp-json\/wp\/v2\/types\/post"}],"author":[{"embeddable":true,"href":"https:\/\/wordpress.nibis.de\/obshilter\/wp-json\/wp\/v2\/users\/9193215"}],"replies":[{"embeddable":true,"href":"https:\/\/wordpress.nibis.de\/obshilter\/wp-json\/wp\/v2\/comments?post=2415"}],"version-history":[{"count":5,"href":"https:\/\/wordpress.nibis.de\/obshilter\/wp-json\/wp\/v2\/posts\/2415\/revisions"}],"predecessor-version":[{"id":2429,"href":"https:\/\/wordpress.nibis.de\/obshilter\/wp-json\/wp\/v2\/posts\/2415\/revisions\/2429"}],"wp:featuredmedia":[{"embeddable":true,"href":"https:\/\/wordpress.nibis.de\/obshilter\/wp-json\/wp\/v2\/media\/2421"}],"wp:attachment":[{"href":"https:\/\/wordpress.nibis.de\/obshilter\/wp-json\/wp\/v2\/media?parent=2415"}],"wp:term":[{"taxonomy":"category","embeddable":true,"href":"https:\/\/wordpress.nibis.de\/obshilter\/wp-json\/wp\/v2\/categories?post=2415"},{"taxonomy":"post_tag","embeddable":true,"href":"https:\/\/wordpress.nibis.de\/obshilter\/wp-json\/wp\/v2\/tags?post=2415"}],"curies":[{"name":"wp","href":"https:\/\/api.w.org\/{rel}","templated":true}]}}