{"id":2606,"date":"2021-11-02T13:31:56","date_gmt":"2021-11-02T12:31:56","guid":{"rendered":"https:\/\/wordpress.nibis.de\/obshilter\/?p=2606"},"modified":"2022-02-22T13:46:18","modified_gmt":"2022-02-22T12:46:18","slug":"schnelles-internet-fuer-oberschule-in-hilter-borgloh","status":"publish","type":"post","link":"https:\/\/wordpress.nibis.de\/obshilter\/2021\/11\/02\/schnelles-internet-fuer-oberschule-in-hilter-borgloh\/","title":{"rendered":"Schnelles Internet f\u00fcr Oberschule in Hilter-Borgloh"},"content":{"rendered":"\n<p>Breitband f\u00fcr Schulen im Osnabr\u00fccker Land von zentraler Bedeutung: Eine der Lehren aus der Pandemie im Bildungssektor ist die Erkenntnis, dass eine gute Breitbandversorgung der Schulen sowohl f\u00fcr den Internet-basierten Unterricht mit starkem WLAN, aber vor allem auch f\u00fcr das Home-Schooling unverzichtbar ist. Hier hat Corona gravierende L\u00fccken aufgezeigt und somit die Telekommunikationsgesellschaft Landkreis Osnabr\u00fcck (Telkos) und Westenergie Breitband auf den Plan gerufen, die inzwischen schon sechs Oberschulen und sieben Grundschulen im Landkreis Osnabr\u00fcck an das Glasfasernetz angeschlossen haben. Nun konnte auch die Oberschule in Hilter-Borgloh mit schnellem Internet online gehen. Parallel profitiert auch die Grundschule Borgloh, auch sie wird mit schnellem Internet versorgt.<\/p>\n<p>\u00a0<\/p>\n<p>\u201eWir sind trotz einiger Widrigkeiten, die allerdings nicht in unserem Einflussbereich liegen, gut unterwegs mit dem fl\u00e4chendeckenden Anschluss der Schulen im Osnabr\u00fccker Land an das Breitband\u201c, so Kreisrat Matthias Selle, als Vorstand in der Kreisverwaltung auch f\u00fcr die Bildung zust\u00e4ndig. Selle weiter: \u201eUnser Ziel ist es, bis Mitte kommenden Jahres wirklich alle Schulen im Kreisgebiet am Glasfasernetz zu haben.\u201c In Borgloh hat die Telkos das Netz gebaut, betrieben wird es von der Westenergie Breitband. Deren Projektleiter Peter Brautlecht betont: \u201eWir stehen in gutem Austausch mit den Schulen und k\u00f6nnen ihnen so an jedem Standort eine ma\u00dfgeschneiderte L\u00f6sung anbieten.\u201c<\/p>\n<p>\u00a0<\/p>\n<p>Hilters B\u00fcrgermeister Marc Schewski begr\u00fc\u00dfte den Anschluss der Oberschule Hilter-Borgloh durch die Telkos: \u201eDie Kommunen in der Fl\u00e4che beobachten schon seit langem voller Sorge, wie die gro\u00dfen und nationalen Anbieter von Breitband sich auf das Rosinenpicken an vermeintlich lukrativen Standorten verlegen und die l\u00e4ndlichen Regionen eher stiefm\u00fctterlich behandeln.\u201c Deshalb sei das Engagement von Telkos und Westenergie Breitband hoch willkommen. Dem schloss sich Marc Thele, stellvertretender Schulleiter der Oberschule Hilter-Borgloh, an: \u201eWir sind froh, dass wir unseren Sch\u00fclerinnen und Sch\u00fclern und nat\u00fcrlich auf dem Lehrerkollegium jetzt das schnelle Internet bieten k\u00f6nnen und hoffen f\u00fcr die Kolleginnen und Kollegen an den Schulen, die noch darauf warten, dass die Zusagen mit dem Anschluss bis Mitte 2022 eingehalten werden.\u201c Thele f\u00fchrte weiter aus, dass die Schule gerade mit dem ersten iPad-Jahrgang\u00a0in Klasse 8 gestartet ist und die Sch\u00fclerinnen und Sch\u00fcler nun alle geplanten Medien nutzen k\u00f6nnen. Die Klasse 8, die nur noch mit dem iPad Unterricht habe, freue sich ganz besonders auf die schnelle Verbindung, mit der nun endlich das Tablet auch im Unterricht vollwertig genutzt werden k\u00f6nne. Zuk\u00fcnftig w\u00fcrden auch die h\u00f6heren Klassen vom modernen Unterricht mit dem iPad profitieren, so Thele. Der schnelle Anschluss sei au\u00dferdem die Basis f\u00fcr die weitere Digitalisierung an der Oberschule.<\/p>\n<p>\u00a0<\/p>\n<p>Beitrag: Larissa Leer, Landkreis Osnabr\u00fcck<\/p>\n<p>Foto: Uwe Lewandowski<\/p>\n","protected":false},"excerpt":{"rendered":"<p>Breitband f\u00fcr Schulen im Osnabr\u00fccker Land von zentraler Bedeutung: Eine der Lehren aus der Pandemie im Bildungssektor ist die Erkenntnis&#8230;<\/p>\n","protected":false},"author":9193215,"featured_media":2607,"comment_status":"closed","ping_status":"closed","sticky":false,"template":"","format":"standard","meta":{"_acf_changed":false,"footnotes":""},"categories":[4],"tags":[],"class_list":["post-2606","post","type-post","status-publish","format-standard","has-post-thumbnail","hentry","category-news-startseite"],"acf":[],"_links":{"self":[{"href":"https:\/\/wordpress.nibis.de\/obshilter\/wp-json\/wp\/v2\/posts\/2606","targetHints":{"allow":["GET"]}}],"collection":[{"href":"https:\/\/wordpress.nibis.de\/obshilter\/wp-json\/wp\/v2\/posts"}],"about":[{"href":"https:\/\/wordpress.nibis.de\/obshilter\/wp-json\/wp\/v2\/types\/post"}],"author":[{"embeddable":true,"href":"https:\/\/wordpress.nibis.de\/obshilter\/wp-json\/wp\/v2\/users\/9193215"}],"replies":[{"embeddable":true,"href":"https:\/\/wordpress.nibis.de\/obshilter\/wp-json\/wp\/v2\/comments?post=2606"}],"version-history":[{"count":2,"href":"https:\/\/wordpress.nibis.de\/obshilter\/wp-json\/wp\/v2\/posts\/2606\/revisions"}],"predecessor-version":[{"id":2872,"href":"https:\/\/wordpress.nibis.de\/obshilter\/wp-json\/wp\/v2\/posts\/2606\/revisions\/2872"}],"wp:featuredmedia":[{"embeddable":true,"href":"https:\/\/wordpress.nibis.de\/obshilter\/wp-json\/wp\/v2\/media\/2607"}],"wp:attachment":[{"href":"https:\/\/wordpress.nibis.de\/obshilter\/wp-json\/wp\/v2\/media?parent=2606"}],"wp:term":[{"taxonomy":"category","embeddable":true,"href":"https:\/\/wordpress.nibis.de\/obshilter\/wp-json\/wp\/v2\/categories?post=2606"},{"taxonomy":"post_tag","embeddable":true,"href":"https:\/\/wordpress.nibis.de\/obshilter\/wp-json\/wp\/v2\/tags?post=2606"}],"curies":[{"name":"wp","href":"https:\/\/api.w.org\/{rel}","templated":true}]}}