{"id":2674,"date":"2021-11-16T13:53:52","date_gmt":"2021-11-16T12:53:52","guid":{"rendered":"https:\/\/wordpress.nibis.de\/obshilter\/?p=2674"},"modified":"2022-02-22T13:43:08","modified_gmt":"2022-02-22T12:43:08","slug":"interview-mit-dem-schuelersprecher","status":"publish","type":"post","link":"https:\/\/wordpress.nibis.de\/obshilter\/2021\/11\/16\/interview-mit-dem-schuelersprecher\/","title":{"rendered":"Interview mit dem Sch\u00fclersprecher"},"content":{"rendered":"\n<p><strong>Wir aus der Homepage-AG haben unser n\u00e4chstes Interview mit dem Sch\u00fclersprecher Joel Laubinger gef\u00fchrt.<br \/><\/strong><\/p>\n<p><strong>1.Wie ist es dazu gekommen, dass du Sch\u00fclersprecher wurdest?<\/strong><\/p>\n<p><strong>J.Laubinger<\/strong>: Zuerst einmal treffen sich alle Klassensprecher, dann melden sich Klassensprecher aus dem Klassensprecherkreis freiwillig, die sich zum Sch\u00fclersprecher w\u00e4hlen lassen wollen. Da hab ich mir gedacht, ja das k\u00f6nnt ich machen, das w\u00fcrde ich auch gerne machen und dann hatte ich das Gl\u00fcck, dass ich gew\u00e4hlt wurde.<\/p>\n<p><strong>2. Was sind die Aufgaben eines Sch\u00fclersprechers?<\/strong><\/p>\n<p><strong>J.Laubinger<\/strong>: Also ich stehe f\u00fcr alle zur Verf\u00fcgung, haupts\u00e4chlich f\u00fcr die Sch\u00fcler, falls diese etwas haben, k\u00f6nnen sie gerne zu mir kommen und ich gebe diese Information dann an die Elternvertreter oder an die Schulleitung weiter und setzte mich daf\u00fcr ein, dass dies umgesetzt werden kann.<\/p>\n<p><strong>3.Was hast du als Sch\u00fclersprecher f\u00fcr Ziele?<\/strong><\/p>\n<p><strong>J.Laubinger<\/strong>: Ich denke erstmal ist es ganz klar, dass sich alle Sch\u00fcler in der Schule wohlf\u00fchlen, und mein Ziel wie gesagt ist es haupts\u00e4chlich, dass alle in der Schule zufrieden sind.<\/p>\n<p><strong>4.Was m\u00f6chtest du an unserer Schule beibehalten?<\/strong><\/p>\n<p><strong>J.Laubinger<\/strong>: Zum einen finde ich es gut, dass die G-und E-Kurse verkleinert wurden, das ist schon mal sehr positiv und was ich ver\u00e4ndern m\u00f6chte, da sind auch schon Sch\u00fcler gekommen, dass Klassen verkleinert werden, damit nicht so oft Streit entsteht.<\/p>\n<p><strong>5.Wie stellst du dir die Zusammenarbeit zwischen Lehrern, Sch\u00fclern, Schulleitung und den Elternvertretern vor und in welcher Rolle siehst du dich?<\/strong><\/p>\n<p><strong>J.Laubinger<\/strong>: Ich sehe mich mehr oder weniger als Vermittler der W\u00fcnsche von den Sch\u00fcler, und stelle diese W\u00fcnsche den Lehrern, Elternvertretern und der Schulleitung vor. Ich rede nat\u00fcrlich auch mit ihnen dar\u00fcber und versuche, die W\u00fcnsche so gut wie m\u00f6glich umzusetzen.<\/p>\n<p><strong>6. Was sind deine Ziele nach der 10.Klasse?<\/strong><\/p>\n<p><strong>J.Laubinger<\/strong>: Ich werde hoffentlich meinen erweiterten Realschulabschluss schaffen, dann m\u00f6chte ich zur BBS am Sch\u00f6lerberg und dort mein Fachabitur machen, daraufhin m\u00f6chte ich dann zum Zoll.<\/p>\n<p><strong>7. Was m\u00f6chtest du unbedingt noch erleben und wo m\u00f6chtest du einmal hinreisen?<\/strong><\/p>\n<p><strong>J.Laubinger<\/strong>: Ich m\u00f6chte auf jeden Fall einmal nach S\u00fcdafrika, zudem so viele L\u00e4nder bereisen wie m\u00f6glich, dort dann die Sehensw\u00fcrdigkeiten sowie deren Kultur kennenlernen. Au\u00dferdem w\u00fcrde ich gerne Shark diving mal ausprobieren plus alle Tiere in ihrer freien Wildbahn sehen.<\/p>\n<p><strong>8. Wenn du 3 W\u00fcnsche frei h\u00e4ttest, welche w\u00e4ren es?<\/strong><\/p>\n<p><strong>J.Laubinger<\/strong>: Ich m\u00f6chte, dass meine Familie gesund bleibt und das ich mit meinen Freunden in Kontakt bleibe oder das ich von Au\u00dferirdischen mehr erfahre, die vielleicht irgendwo da drau\u00dfen sind.<\/p>\n<p><strong>9. Welche geheimen Leidenschaften hast du?<\/strong><\/p>\n<p><strong>J.Laubinger<\/strong>: Zuerst einmal die normalen Hobbies, die ein Junge generell hat sowie Sport allgemein oder Fu\u00dfball. Eine geheime Leidenschaft von mir ist das Singen unter der Dusche, das entspannt mich aber vor Leuten ist es nicht so meins.<\/p>\n<p>Dieses Interview f\u00fchrte M. M. Bosse und bedankt sich f\u00fcr ein nettes Inteview.<\/p>\n","protected":false},"excerpt":{"rendered":"<p>Wir aus der Homepage-AG haben unser n\u00e4chstes Interview mit dem Sch\u00fclersprecher Joel Laubinger gef\u00fchrt&#8230;<\/p>\n","protected":false},"author":9193215,"featured_media":0,"comment_status":"closed","ping_status":"closed","sticky":false,"template":"","format":"standard","meta":{"_acf_changed":false,"footnotes":""},"categories":[4],"tags":[],"class_list":["post-2674","post","type-post","status-publish","format-standard","hentry","category-news-startseite"],"acf":[],"_links":{"self":[{"href":"https:\/\/wordpress.nibis.de\/obshilter\/wp-json\/wp\/v2\/posts\/2674","targetHints":{"allow":["GET"]}}],"collection":[{"href":"https:\/\/wordpress.nibis.de\/obshilter\/wp-json\/wp\/v2\/posts"}],"about":[{"href":"https:\/\/wordpress.nibis.de\/obshilter\/wp-json\/wp\/v2\/types\/post"}],"author":[{"embeddable":true,"href":"https:\/\/wordpress.nibis.de\/obshilter\/wp-json\/wp\/v2\/users\/9193215"}],"replies":[{"embeddable":true,"href":"https:\/\/wordpress.nibis.de\/obshilter\/wp-json\/wp\/v2\/comments?post=2674"}],"version-history":[{"count":6,"href":"https:\/\/wordpress.nibis.de\/obshilter\/wp-json\/wp\/v2\/posts\/2674\/revisions"}],"predecessor-version":[{"id":2871,"href":"https:\/\/wordpress.nibis.de\/obshilter\/wp-json\/wp\/v2\/posts\/2674\/revisions\/2871"}],"wp:attachment":[{"href":"https:\/\/wordpress.nibis.de\/obshilter\/wp-json\/wp\/v2\/media?parent=2674"}],"wp:term":[{"taxonomy":"category","embeddable":true,"href":"https:\/\/wordpress.nibis.de\/obshilter\/wp-json\/wp\/v2\/categories?post=2674"},{"taxonomy":"post_tag","embeddable":true,"href":"https:\/\/wordpress.nibis.de\/obshilter\/wp-json\/wp\/v2\/tags?post=2674"}],"curies":[{"name":"wp","href":"https:\/\/api.w.org\/{rel}","templated":true}]}}