{"id":2733,"date":"2021-12-07T14:09:24","date_gmt":"2021-12-07T13:09:24","guid":{"rendered":"https:\/\/wordpress.nibis.de\/obshilter\/?p=2733"},"modified":"2022-03-02T15:54:22","modified_gmt":"2022-03-02T14:54:22","slug":"mobbingpraevention-in-jahrgang-7","status":"publish","type":"post","link":"https:\/\/wordpress.nibis.de\/obshilter\/2021\/12\/07\/mobbingpraevention-in-jahrgang-7\/","title":{"rendered":"Mobbingpr\u00e4vention in Jahrgang 7"},"content":{"rendered":"\n<p>Am 22. und am 24. November 2021 f\u00fchrte Frau Middelberg von der Polizei eine Mobbing-Pr\u00e4vention in den 7.Klassen durch. Die Sch\u00fcler*Innen haben dar\u00fcber gesprochen, was Mobbing ist und wie man damit umgeht. Au\u00dferdem wurde thematisiert, welche Folgen es haben kann, wenn jemand aus der Klasse gemobbt wird. Die teilnehmenden Klassen spielten Spiele, wie \u201eAlle die\u2026\u201c, um das Thema zu vertiefen. Es gibt viele M\u00f6glichkeiten Mobbing zu verhindern, zum Beispiel sollte man niemanden ausgrenzen oder der gemobbten Person helfen, gegen die Mobber vorzugehen. Diese Aufkl\u00e4rung von Frau Middelberg hat den Sch\u00fcler*Innen viel Spa\u00df gemacht. Au\u00dferdem haben sie mehr \u00fcber ein soziales Miteinander gelernt. Wir hoffen, dass die Mobbingf\u00e4lle an Schulen durch solche pr\u00e4ventiven Ma\u00dfnahmen weniger werden.<\/p>\n<p>(M. M. Bosse, 10b)<\/p>\n\n\n\n<figure class=\"wp-block-gallery columns-2 is-cropped is-style-tw-img-rounded wp-block-gallery-1 is-layout-flex wp-block-gallery-is-layout-flex\"><ul class=\"blocks-gallery-grid\"><li class=\"blocks-gallery-item\"><figure><img loading=\"lazy\" decoding=\"async\" width=\"1200\" height=\"675\" src=\"https:\/\/wordpress.nibis.de\/obshilter\/files\/2021\/12\/20211207-121952309f-1200x675.jpg\" alt=\"\" data-id=\"2735\" data-full-url=\"https:\/\/wordpress.nibis.de\/obshilter\/files\/2021\/12\/20211207-121952309f-scaled.jpg\" data-link=\"https:\/\/wordpress.nibis.de\/obshilter\/?attachment_id=2735\" class=\"wp-image-2735\" srcset=\"https:\/\/wordpress.nibis.de\/obshilter\/files\/2021\/12\/20211207-121952309f-1200x675.jpg 1200w, https:\/\/wordpress.nibis.de\/obshilter\/files\/2021\/12\/20211207-121952309f-850x478.jpg 850w, https:\/\/wordpress.nibis.de\/obshilter\/files\/2021\/12\/20211207-121952309f-250x141.jpg 250w\" sizes=\"auto, (max-width: 1200px) 100vw, 1200px\" \/><\/figure><\/li><li class=\"blocks-gallery-item\"><figure><img loading=\"lazy\" decoding=\"async\" width=\"1200\" height=\"675\" src=\"https:\/\/wordpress.nibis.de\/obshilter\/files\/2021\/12\/20211207-1219523095-1200x675.jpg\" alt=\"\" data-id=\"2736\" data-full-url=\"https:\/\/wordpress.nibis.de\/obshilter\/files\/2021\/12\/20211207-1219523095-scaled.jpg\" data-link=\"https:\/\/wordpress.nibis.de\/obshilter\/?attachment_id=2736\" class=\"wp-image-2736\" srcset=\"https:\/\/wordpress.nibis.de\/obshilter\/files\/2021\/12\/20211207-1219523095-1200x675.jpg 1200w, https:\/\/wordpress.nibis.de\/obshilter\/files\/2021\/12\/20211207-1219523095-850x478.jpg 850w, https:\/\/wordpress.nibis.de\/obshilter\/files\/2021\/12\/20211207-1219523095-250x141.jpg 250w\" sizes=\"auto, (max-width: 1200px) 100vw, 1200px\" \/><\/figure><\/li><\/ul><\/figure>\n\n\n","protected":false},"excerpt":{"rendered":"<p>Am 22. und am 24. November 2021 f\u00fchrte Frau Middelberg von der Polizei eine Mobbing-Pr\u00e4vention in den 7.Klassen durch. Die Sch\u00fcler*Innen haben &#8230;<\/p>\n","protected":false},"author":9193215,"featured_media":2735,"comment_status":"closed","ping_status":"closed","sticky":false,"template":"","format":"standard","meta":{"_acf_changed":false,"footnotes":""},"categories":[4],"tags":[],"class_list":["post-2733","post","type-post","status-publish","format-standard","has-post-thumbnail","hentry","category-news-startseite"],"acf":[],"_links":{"self":[{"href":"https:\/\/wordpress.nibis.de\/obshilter\/wp-json\/wp\/v2\/posts\/2733","targetHints":{"allow":["GET"]}}],"collection":[{"href":"https:\/\/wordpress.nibis.de\/obshilter\/wp-json\/wp\/v2\/posts"}],"about":[{"href":"https:\/\/wordpress.nibis.de\/obshilter\/wp-json\/wp\/v2\/types\/post"}],"author":[{"embeddable":true,"href":"https:\/\/wordpress.nibis.de\/obshilter\/wp-json\/wp\/v2\/users\/9193215"}],"replies":[{"embeddable":true,"href":"https:\/\/wordpress.nibis.de\/obshilter\/wp-json\/wp\/v2\/comments?post=2733"}],"version-history":[{"count":5,"href":"https:\/\/wordpress.nibis.de\/obshilter\/wp-json\/wp\/v2\/posts\/2733\/revisions"}],"predecessor-version":[{"id":2869,"href":"https:\/\/wordpress.nibis.de\/obshilter\/wp-json\/wp\/v2\/posts\/2733\/revisions\/2869"}],"wp:featuredmedia":[{"embeddable":true,"href":"https:\/\/wordpress.nibis.de\/obshilter\/wp-json\/wp\/v2\/media\/2735"}],"wp:attachment":[{"href":"https:\/\/wordpress.nibis.de\/obshilter\/wp-json\/wp\/v2\/media?parent=2733"}],"wp:term":[{"taxonomy":"category","embeddable":true,"href":"https:\/\/wordpress.nibis.de\/obshilter\/wp-json\/wp\/v2\/categories?post=2733"},{"taxonomy":"post_tag","embeddable":true,"href":"https:\/\/wordpress.nibis.de\/obshilter\/wp-json\/wp\/v2\/tags?post=2733"}],"curies":[{"name":"wp","href":"https:\/\/api.w.org\/{rel}","templated":true}]}}