{"id":2769,"date":"2022-01-11T14:22:56","date_gmt":"2022-01-11T13:22:56","guid":{"rendered":"https:\/\/wordpress.nibis.de\/obshilter\/?p=2769"},"modified":"2022-02-22T13:41:08","modified_gmt":"2022-02-22T12:41:08","slug":"die-kleine-weihnachtsshow-2021","status":"publish","type":"post","link":"https:\/\/wordpress.nibis.de\/obshilter\/2022\/01\/11\/die-kleine-weihnachtsshow-2021\/","title":{"rendered":"Die kleine Weihnachtsshow 2021"},"content":{"rendered":"\n<p>\u00a0<\/p>\n<p>Am 17. Dezember 2021 gab es eine kleine Weihnachtsfeier in der Aula der Oberschule Hilter. Die Sch\u00fcler*Innen der Klassen 5-8 haben an dieser\u00a0 Show teilgenommen. Au\u00dferdem begleitete der Osnabr\u00fccker Pantomime K\u00fcnstler Manfred Pomorin die Show. Dieser er\u00f6ffnete die Vorstellung mit ein paar lustigen Einlagen. Der Pantomime holte die Schulleitung Frau Haehnel auf die B\u00fchne. Sie begr\u00fc\u00dfte die Sch\u00fcler*Innen und stellte den K\u00fcnstler vor. Dann ging es auch schon mit dem ersten Sch\u00fclerbeitrag los, hier trug die Klasse 5b ein Gedicht spielerisch vor. Danach f\u00fchrte der WPK des 6. Jahrgangs ein Theaterst\u00fcck vor, welches beim Publikum sehr gut ankam. Nachfolgend sang Mia Narendorf aus der Klasse 8b ein Lied aus dem St\u00fcck Aschenbr\u00f6del. Daraufhin f\u00fchrte die Klasse 8b einen Sketch passend zum Lied auf. Zum Ende w\u00fcnschte Frau Haehnel allen sch\u00f6ne Feiertage und entlie\u00df die Sch\u00fcler*Innen ins wohlverdiente Wochenende.<\/p>\n<p>(M. Pfeiffer, M. M. Bosse)<\/p>\n\n\n\n<figure class=\"wp-block-gallery columns-3 is-cropped is-style-tw-img-rounded wp-block-gallery-1 is-layout-flex wp-block-gallery-is-layout-flex\"><ul class=\"blocks-gallery-grid\"><li class=\"blocks-gallery-item\"><figure><img loading=\"lazy\" decoding=\"async\" width=\"1200\" height=\"675\" src=\"https:\/\/wordpress.nibis.de\/obshilter\/files\/2022\/01\/2021-Weihnachtsfeier-27-1200x675.jpg\" alt=\"\" data-id=\"2774\" data-full-url=\"https:\/\/wordpress.nibis.de\/obshilter\/files\/2022\/01\/2021-Weihnachtsfeier-27.jpg\" data-link=\"https:\/\/wordpress.nibis.de\/obshilter\/?attachment_id=2774\" class=\"wp-image-2774\" srcset=\"https:\/\/wordpress.nibis.de\/obshilter\/files\/2022\/01\/2021-Weihnachtsfeier-27-1200x675.jpg 1200w, https:\/\/wordpress.nibis.de\/obshilter\/files\/2022\/01\/2021-Weihnachtsfeier-27-850x478.jpg 850w, https:\/\/wordpress.nibis.de\/obshilter\/files\/2022\/01\/2021-Weihnachtsfeier-27-250x141.jpg 250w\" sizes=\"auto, (max-width: 1200px) 100vw, 1200px\" \/><\/figure><\/li><li class=\"blocks-gallery-item\"><figure><img loading=\"lazy\" decoding=\"async\" width=\"1200\" height=\"675\" src=\"https:\/\/wordpress.nibis.de\/obshilter\/files\/2022\/01\/2021-Weihnachtsfeier-21-1200x675.jpg\" alt=\"\" data-id=\"2773\" data-full-url=\"https:\/\/wordpress.nibis.de\/obshilter\/files\/2022\/01\/2021-Weihnachtsfeier-21.jpg\" data-link=\"https:\/\/wordpress.nibis.de\/obshilter\/?attachment_id=2773\" class=\"wp-image-2773\" srcset=\"https:\/\/wordpress.nibis.de\/obshilter\/files\/2022\/01\/2021-Weihnachtsfeier-21-1200x675.jpg 1200w, https:\/\/wordpress.nibis.de\/obshilter\/files\/2022\/01\/2021-Weihnachtsfeier-21-850x478.jpg 850w, https:\/\/wordpress.nibis.de\/obshilter\/files\/2022\/01\/2021-Weihnachtsfeier-21-250x141.jpg 250w\" sizes=\"auto, (max-width: 1200px) 100vw, 1200px\" \/><\/figure><\/li><li class=\"blocks-gallery-item\"><figure><img loading=\"lazy\" decoding=\"async\" width=\"1200\" height=\"675\" src=\"https:\/\/wordpress.nibis.de\/obshilter\/files\/2022\/01\/2021-Weihnachtsfeier-14-1200x675.jpg\" alt=\"\" data-id=\"2772\" data-full-url=\"https:\/\/wordpress.nibis.de\/obshilter\/files\/2022\/01\/2021-Weihnachtsfeier-14.jpg\" data-link=\"https:\/\/wordpress.nibis.de\/obshilter\/?attachment_id=2772\" class=\"wp-image-2772\" srcset=\"https:\/\/wordpress.nibis.de\/obshilter\/files\/2022\/01\/2021-Weihnachtsfeier-14-1200x675.jpg 1200w, https:\/\/wordpress.nibis.de\/obshilter\/files\/2022\/01\/2021-Weihnachtsfeier-14-850x478.jpg 850w, https:\/\/wordpress.nibis.de\/obshilter\/files\/2022\/01\/2021-Weihnachtsfeier-14-250x141.jpg 250w\" sizes=\"auto, (max-width: 1200px) 100vw, 1200px\" \/><\/figure><\/li><li class=\"blocks-gallery-item\"><figure><img loading=\"lazy\" decoding=\"async\" width=\"1200\" height=\"675\" src=\"https:\/\/wordpress.nibis.de\/obshilter\/files\/2022\/01\/2021-Weihnachtsfeier-12-1200x675.jpg\" alt=\"\" data-id=\"2771\" data-full-url=\"https:\/\/wordpress.nibis.de\/obshilter\/files\/2022\/01\/2021-Weihnachtsfeier-12.jpg\" data-link=\"https:\/\/wordpress.nibis.de\/obshilter\/?attachment_id=2771\" class=\"wp-image-2771\" srcset=\"https:\/\/wordpress.nibis.de\/obshilter\/files\/2022\/01\/2021-Weihnachtsfeier-12-1200x675.jpg 1200w, https:\/\/wordpress.nibis.de\/obshilter\/files\/2022\/01\/2021-Weihnachtsfeier-12-850x478.jpg 850w, https:\/\/wordpress.nibis.de\/obshilter\/files\/2022\/01\/2021-Weihnachtsfeier-12-250x141.jpg 250w\" sizes=\"auto, (max-width: 1200px) 100vw, 1200px\" \/><\/figure><\/li><li class=\"blocks-gallery-item\"><figure><img loading=\"lazy\" decoding=\"async\" width=\"1200\" height=\"675\" src=\"https:\/\/wordpress.nibis.de\/obshilter\/files\/2022\/01\/2021-Weihnachtsfeier-05-1200x675.jpg\" alt=\"\" data-id=\"2770\" data-full-url=\"https:\/\/wordpress.nibis.de\/obshilter\/files\/2022\/01\/2021-Weihnachtsfeier-05.jpg\" data-link=\"https:\/\/wordpress.nibis.de\/obshilter\/?attachment_id=2770\" class=\"wp-image-2770\" srcset=\"https:\/\/wordpress.nibis.de\/obshilter\/files\/2022\/01\/2021-Weihnachtsfeier-05-1200x675.jpg 1200w, https:\/\/wordpress.nibis.de\/obshilter\/files\/2022\/01\/2021-Weihnachtsfeier-05-850x478.jpg 850w, https:\/\/wordpress.nibis.de\/obshilter\/files\/2022\/01\/2021-Weihnachtsfeier-05-250x141.jpg 250w\" sizes=\"auto, (max-width: 1200px) 100vw, 1200px\" \/><\/figure><\/li><li class=\"blocks-gallery-item\"><figure><img loading=\"lazy\" decoding=\"async\" width=\"1200\" height=\"675\" src=\"https:\/\/wordpress.nibis.de\/obshilter\/files\/2022\/01\/DSC_0705-1200x675.jpg\" alt=\"\" data-id=\"2776\" data-full-url=\"https:\/\/wordpress.nibis.de\/obshilter\/files\/2022\/01\/DSC_0705.jpg\" data-link=\"https:\/\/wordpress.nibis.de\/obshilter\/?attachment_id=2776\" class=\"wp-image-2776\" srcset=\"https:\/\/wordpress.nibis.de\/obshilter\/files\/2022\/01\/DSC_0705-1200x675.jpg 1200w, https:\/\/wordpress.nibis.de\/obshilter\/files\/2022\/01\/DSC_0705-850x478.jpg 850w, https:\/\/wordpress.nibis.de\/obshilter\/files\/2022\/01\/DSC_0705-250x141.jpg 250w\" sizes=\"auto, (max-width: 1200px) 100vw, 1200px\" \/><\/figure><\/li><\/ul><\/figure>\n","protected":false},"excerpt":{"rendered":"<p>Am 17. Dezember 2021 gab es eine kleine Weihnachtsfeier in der Aula der Oberschule Hilter. Die Sch\u00fcler*Innen der Klassen 5-8 haben an dieser\u00a0 Show teilgenommen&#8230;<\/p>\n","protected":false},"author":9193215,"featured_media":2775,"comment_status":"closed","ping_status":"closed","sticky":false,"template":"","format":"standard","meta":{"_acf_changed":false,"footnotes":""},"categories":[4],"tags":[],"class_list":["post-2769","post","type-post","status-publish","format-standard","has-post-thumbnail","hentry","category-news-startseite"],"acf":[],"_links":{"self":[{"href":"https:\/\/wordpress.nibis.de\/obshilter\/wp-json\/wp\/v2\/posts\/2769","targetHints":{"allow":["GET"]}}],"collection":[{"href":"https:\/\/wordpress.nibis.de\/obshilter\/wp-json\/wp\/v2\/posts"}],"about":[{"href":"https:\/\/wordpress.nibis.de\/obshilter\/wp-json\/wp\/v2\/types\/post"}],"author":[{"embeddable":true,"href":"https:\/\/wordpress.nibis.de\/obshilter\/wp-json\/wp\/v2\/users\/9193215"}],"replies":[{"embeddable":true,"href":"https:\/\/wordpress.nibis.de\/obshilter\/wp-json\/wp\/v2\/comments?post=2769"}],"version-history":[{"count":4,"href":"https:\/\/wordpress.nibis.de\/obshilter\/wp-json\/wp\/v2\/posts\/2769\/revisions"}],"predecessor-version":[{"id":2868,"href":"https:\/\/wordpress.nibis.de\/obshilter\/wp-json\/wp\/v2\/posts\/2769\/revisions\/2868"}],"wp:featuredmedia":[{"embeddable":true,"href":"https:\/\/wordpress.nibis.de\/obshilter\/wp-json\/wp\/v2\/media\/2775"}],"wp:attachment":[{"href":"https:\/\/wordpress.nibis.de\/obshilter\/wp-json\/wp\/v2\/media?parent=2769"}],"wp:term":[{"taxonomy":"category","embeddable":true,"href":"https:\/\/wordpress.nibis.de\/obshilter\/wp-json\/wp\/v2\/categories?post=2769"},{"taxonomy":"post_tag","embeddable":true,"href":"https:\/\/wordpress.nibis.de\/obshilter\/wp-json\/wp\/v2\/tags?post=2769"}],"curies":[{"name":"wp","href":"https:\/\/api.w.org\/{rel}","templated":true}]}}