{"id":2809,"date":"2022-02-08T13:26:39","date_gmt":"2022-02-08T12:26:39","guid":{"rendered":"https:\/\/wordpress.nibis.de\/obshilter\/?p=2809"},"modified":"2022-02-22T13:39:51","modified_gmt":"2022-02-22T12:39:51","slug":"stimmung-wie-auf-einem-rockkonzert","status":"publish","type":"post","link":"https:\/\/wordpress.nibis.de\/obshilter\/2022\/02\/08\/stimmung-wie-auf-einem-rockkonzert\/","title":{"rendered":"Stimmung wie auf einem Rockkonzert"},"content":{"rendered":"\n<p>Wenn man an einen Vorlesewettbewerb im Advent denkt, dann stellt man sich eine ruhige und besinnliche Zeit vor, in der man sich im Publikum zur\u00fccklehnen und entspannen kann. So sollte es am 08. Dezember 2021 in der Oberschule Hilter nicht ablaufen, denn das Publikum hatte ganz andere Pl\u00e4ne.<\/p>\n<p>Wie in jedem Jahr stellten die Klassensieger*innen der 6. Klassen ihre Lieblingsb\u00fccher in einer dreimin\u00fctigen Lesephase einer Jury vor, die auf einem Bewertungsbogen Punkte f\u00fcr die richtige Betonung, deutliches Lesen und die Auswahl der Textstelle vergab.<\/p>\n<p>Doch bevor die Teilnehmer*innen des Vorlesewettbewerbs ihr K\u00f6nnen zeigen durften, wurden sie vom Publikum mit tosendem Applaus begr\u00fc\u00dft. In diesem Jahr sa\u00dfen nicht nur die F\u00fcnftkl\u00e4ssler*innen in der Aula, sondern auch die Mitsch\u00fcler*innen von <strong>Jannick (6a)<\/strong>, <strong>Josefine (6a)<\/strong>, <strong>Mariana (6b)<\/strong> und <strong>Jana (6b)<\/strong>, die sich vorgenommen hatten, ihre Klassensieger*innen so richtig zu feiern: Es wurde geklatscht, mit den F\u00fc\u00dfen getrommelt, gepfiffen, Anfeuerungsrufe hallten durch die Aula. Eine Stimmung wie auf einem Rockkonzert! Aber nicht nur die Vorleser*innen kamen in den Genuss dieser tollen Unterst\u00fctzung, auch die Jury wurde umjubelt. In der Jury sa\u00dfen Frau Conrad, Frau Habeck, Frau Schlangen, Marie (10b Sch\u00fclerb\u00fccherei), Joel (10b Sch\u00fclersprecher) und Saya (7b Siegerin des letzten Vorlesewettbewerbs).<\/p>\n\n\n\n<figure class=\"wp-block-image size-large\"><img loading=\"lazy\" decoding=\"async\" width=\"1200\" height=\"675\" src=\"https:\/\/wordpress.nibis.de\/obshilter\/files\/2022\/02\/VL2-1200x675.jpg\" alt=\"\" class=\"wp-image-2811\" srcset=\"https:\/\/wordpress.nibis.de\/obshilter\/files\/2022\/02\/VL2-1200x675.jpg 1200w, https:\/\/wordpress.nibis.de\/obshilter\/files\/2022\/02\/VL2-850x478.jpg 850w, https:\/\/wordpress.nibis.de\/obshilter\/files\/2022\/02\/VL2-250x141.jpg 250w\" sizes=\"auto, (max-width: 1200px) 100vw, 1200px\" \/><\/figure>\n\n\n\n<p>\u201eIch hatte richtig G\u00e4nsehaut bei der tollen Stimmung. F\u00fcr die Sch\u00fcler*innen auf der B\u00fchne muss das doch eine tolle Anerkennung gewesen sein, die wurden ja wie Stars gefeiert\u201c, war die Aussage einer Kollegin am n\u00e4chsten Tag.<\/p>\n<p>Bei den Lesebeitr\u00e4gen herrschte absolute Ruhe im Publikum und es wurde aufmerksam zugeh\u00f6rt, doch wann immer es eine Gelegenheit gab, feuerten die F\u00fcnft- und Sechstkl\u00e4ssler die Vorleser*innen auf der B\u00fchne an.<\/p>\n<p>Erst beim Lesen des Fremdtextes, den das Team der Sch\u00fclerb\u00fccherei ausgew\u00e4hlt hatte,&nbsp; konnte die Gewinnerin des Vorlesewettbewerbs der OBS Hilter entschieden werden. Waren beim Lesen des selbst ausgew\u00e4hlten Textes alle fast punktgleich, so konnte <strong>Mariana aus der 6b<\/strong> die Jury mit ihrer Lesef\u00e4higkeit beim Lesen des unbekannten Textes \u00fcberzeugen. Als Schulsiegerin wird Mariana nun unsere Schule bei dem Wettbewerb zwischen den Schulen des Landkreises vertreten.<\/p>\n<p>Als Dankesch\u00f6n erhielten alle Vorleser*innen ein Buchgeschenk und \u201eeine kleine S\u00fc\u00dfigkeit\u201c.<\/p>\n\n\n\n<figure class=\"wp-block-image size-large\"><img loading=\"lazy\" decoding=\"async\" width=\"1200\" height=\"675\" src=\"https:\/\/wordpress.nibis.de\/obshilter\/files\/2022\/02\/VL5-1200x675.jpg\" alt=\"\" class=\"wp-image-2812\" srcset=\"https:\/\/wordpress.nibis.de\/obshilter\/files\/2022\/02\/VL5-1200x675.jpg 1200w, https:\/\/wordpress.nibis.de\/obshilter\/files\/2022\/02\/VL5-850x478.jpg 850w, https:\/\/wordpress.nibis.de\/obshilter\/files\/2022\/02\/VL5-250x141.jpg 250w\" sizes=\"auto, (max-width: 1200px) 100vw, 1200px\" \/><\/figure>\n","protected":false},"excerpt":{"rendered":"<p>Wenn man an einen Vorlesewettbewerb im Advent denkt, dann stellt man sich eine ruhige und besinnliche Zeit vor, in der man sich im Publikum zur\u00fccklehnen&#8230;<\/p>\n","protected":false},"author":9193215,"featured_media":2810,"comment_status":"closed","ping_status":"closed","sticky":false,"template":"","format":"standard","meta":{"_acf_changed":false,"footnotes":""},"categories":[4],"tags":[],"class_list":["post-2809","post","type-post","status-publish","format-standard","has-post-thumbnail","hentry","category-news-startseite"],"acf":[],"_links":{"self":[{"href":"https:\/\/wordpress.nibis.de\/obshilter\/wp-json\/wp\/v2\/posts\/2809","targetHints":{"allow":["GET"]}}],"collection":[{"href":"https:\/\/wordpress.nibis.de\/obshilter\/wp-json\/wp\/v2\/posts"}],"about":[{"href":"https:\/\/wordpress.nibis.de\/obshilter\/wp-json\/wp\/v2\/types\/post"}],"author":[{"embeddable":true,"href":"https:\/\/wordpress.nibis.de\/obshilter\/wp-json\/wp\/v2\/users\/9193215"}],"replies":[{"embeddable":true,"href":"https:\/\/wordpress.nibis.de\/obshilter\/wp-json\/wp\/v2\/comments?post=2809"}],"version-history":[{"count":2,"href":"https:\/\/wordpress.nibis.de\/obshilter\/wp-json\/wp\/v2\/posts\/2809\/revisions"}],"predecessor-version":[{"id":2864,"href":"https:\/\/wordpress.nibis.de\/obshilter\/wp-json\/wp\/v2\/posts\/2809\/revisions\/2864"}],"wp:featuredmedia":[{"embeddable":true,"href":"https:\/\/wordpress.nibis.de\/obshilter\/wp-json\/wp\/v2\/media\/2810"}],"wp:attachment":[{"href":"https:\/\/wordpress.nibis.de\/obshilter\/wp-json\/wp\/v2\/media?parent=2809"}],"wp:term":[{"taxonomy":"category","embeddable":true,"href":"https:\/\/wordpress.nibis.de\/obshilter\/wp-json\/wp\/v2\/categories?post=2809"},{"taxonomy":"post_tag","embeddable":true,"href":"https:\/\/wordpress.nibis.de\/obshilter\/wp-json\/wp\/v2\/tags?post=2809"}],"curies":[{"name":"wp","href":"https:\/\/api.w.org\/{rel}","templated":true}]}}