{"id":2904,"date":"2022-03-01T13:18:25","date_gmt":"2022-03-01T12:18:25","guid":{"rendered":"https:\/\/wordpress.nibis.de\/obshilter\/?p=2904"},"modified":"2022-03-01T13:20:18","modified_gmt":"2022-03-01T12:20:18","slug":"mit-guetesiegel-startklar-fuer-den-beruf-erneut-ende-2021-ausgezeichnet","status":"publish","type":"post","link":"https:\/\/wordpress.nibis.de\/obshilter\/2022\/03\/01\/mit-guetesiegel-startklar-fuer-den-beruf-erneut-ende-2021-ausgezeichnet\/","title":{"rendered":"Mit G\u00fctesiegel \u201eStartklar f\u00fcr den Beruf\u201c  Ende 2021 erneut ausgezeichnet"},"content":{"rendered":"\n<p>Die Oberschule Hilter wurde erneut f\u00fcr die erfolgreiche Arbeit im Bereich der Berufsorientierung mit dem G\u00fctesiegel \u201eStartklar f\u00fcr den Beruf\u201c ausgezeichnet. Das Siegel wird von der Aktionsgemeinschaft G\u00fctesiegel Weser-Ems verliehen und ist eine Initiative der Industrie- und Handelskammern und den Handwerkskammern in der Region Weser-Ems in Zusammenarbeit mit dem Regionalen Landesamt f\u00fcr Schule und Bildung Osnabr\u00fcck.<\/p>\n\n\n\n<p>Die Jury der Region Osnabr\u00fcck unter dem Vorsitz von Nadine Kretschmar war bereits im November 2021 zur Schulbegehung in der Oberschule Hilter zu Gast, um sich \u00fcber die verschiedenen Projekte und Aktionen im Bereich der Berufsorientierung vor Ort zu informieren. Das Konzept \u00fcberzeugte dahingehend, dass die Berufsorientierung an der Oberschule in Hilter als Gemeinschaftaufgabe gedacht wird. Ebenso zeigt die Zusammenarbeit mit den Kooperationspartnern (B. Braun Gesundheitsservice GmbH, H\u00f6cker Polytechnik GmbH und Evangelische Fachschulen f\u00fcr Sozialp\u00e4dagogik und Heilp\u00e4dagogik in Osnabr\u00fcck) eine sinnvolle Verkn\u00fcpfung zwischen Schule, Ausbildung und Arbeitswelt.<\/p>\n\n\n\n<p>Im Februar 2022 kam der Juryleiter Dr. Goran Miladinovic in die Oberschule Hilter und \u00fcbergab das Siegel f\u00fcr die Aktionsjahre 2021 bis 2026.<\/p>\n\n\n","protected":false},"excerpt":{"rendered":"<p>Die Oberschule Hilter wurde erneut f\u00fcr die erfolgreiche Arbeit im Bereich der Berufsorientierung mit dem G\u00fctesiegel \u201eStartklar f\u00fcr den Beruf\u201c ausgezeichnet. &#8230;<\/p>\n","protected":false},"author":9193215,"featured_media":2905,"comment_status":"closed","ping_status":"closed","sticky":false,"template":"","format":"standard","meta":{"_acf_changed":false,"footnotes":""},"categories":[4],"tags":[],"class_list":["post-2904","post","type-post","status-publish","format-standard","has-post-thumbnail","hentry","category-news-startseite"],"acf":[],"_links":{"self":[{"href":"https:\/\/wordpress.nibis.de\/obshilter\/wp-json\/wp\/v2\/posts\/2904","targetHints":{"allow":["GET"]}}],"collection":[{"href":"https:\/\/wordpress.nibis.de\/obshilter\/wp-json\/wp\/v2\/posts"}],"about":[{"href":"https:\/\/wordpress.nibis.de\/obshilter\/wp-json\/wp\/v2\/types\/post"}],"author":[{"embeddable":true,"href":"https:\/\/wordpress.nibis.de\/obshilter\/wp-json\/wp\/v2\/users\/9193215"}],"replies":[{"embeddable":true,"href":"https:\/\/wordpress.nibis.de\/obshilter\/wp-json\/wp\/v2\/comments?post=2904"}],"version-history":[{"count":5,"href":"https:\/\/wordpress.nibis.de\/obshilter\/wp-json\/wp\/v2\/posts\/2904\/revisions"}],"predecessor-version":[{"id":2910,"href":"https:\/\/wordpress.nibis.de\/obshilter\/wp-json\/wp\/v2\/posts\/2904\/revisions\/2910"}],"wp:featuredmedia":[{"embeddable":true,"href":"https:\/\/wordpress.nibis.de\/obshilter\/wp-json\/wp\/v2\/media\/2905"}],"wp:attachment":[{"href":"https:\/\/wordpress.nibis.de\/obshilter\/wp-json\/wp\/v2\/media?parent=2904"}],"wp:term":[{"taxonomy":"category","embeddable":true,"href":"https:\/\/wordpress.nibis.de\/obshilter\/wp-json\/wp\/v2\/categories?post=2904"},{"taxonomy":"post_tag","embeddable":true,"href":"https:\/\/wordpress.nibis.de\/obshilter\/wp-json\/wp\/v2\/tags?post=2904"}],"curies":[{"name":"wp","href":"https:\/\/api.w.org\/{rel}","templated":true}]}}