{"id":3202,"date":"2022-06-20T15:04:35","date_gmt":"2022-06-20T13:04:35","guid":{"rendered":"https:\/\/wordpress.nibis.de\/obshilter\/?p=3202"},"modified":"2022-06-20T15:05:59","modified_gmt":"2022-06-20T13:05:59","slug":"oberschule-hilter-praesentiert-neues-kochbuch","status":"publish","type":"post","link":"https:\/\/wordpress.nibis.de\/obshilter\/2022\/06\/20\/oberschule-hilter-praesentiert-neues-kochbuch\/","title":{"rendered":"Oberschule Hilter pr\u00e4sentiert neues Kochbuch"},"content":{"rendered":"\n<p>Ein Kochbuch f\u00fcr die Oberschule Hilter \u2013 das war schon lange die Idee der engagierten Lehrerin Ludgera Sandmann. Als dann auch noch die Finanzierung abgesichert war, konnte es losgehen. Es wurden Sch\u00fcler*innen aus allen Jahrg\u00e4ngen zu Rezepten aus ihren Heimatl\u00e4ndern interviewt. Herausgekommen ist ein Kochbuch mit \u00fcber 30 Rezepten.<\/p>\n<p>Neben den internationalen Rezepten aus vierzehn verschiedenen L\u00e4ndern, hat auch jeder Sch\u00fcler eine kleine Geschichte \u00fcber sich erz\u00e4hlt, die dieses Buch so einzigartig machen. Teils heiter, teils besinnlich und immer mit Bildern aus dem jeweiligen Land abgerundet, ist ein Kochbuch entstanden, das Lust macht, die Rezepte nachzukochen und die Heimatl\u00e4nder der Kinder in die n\u00e4chste Urlaubsplanung mit zu \u00fcbernehmen.<\/p>\n<p>Um das Kochbuch vorzustellen, fand am Freitag, dem 17.6.2022 eine Kochshow in der Oberschule Hilter statt. Als G\u00e4ste waren B\u00fcrgermeister Marc Schewski, Gemeinde Hilter, sowie der Organisator des Osnabr\u00fccker ADAC Bergrennens, Bernd Stegmann, eingeladen worden. Gemeinsam mit einigen Sch\u00fcler*innen der Oberschule Hilter sowie Frau Haehnel, Oberschulrektorin und Ludgera Sandmann, wurde ein gemeinsames Gericht aus dem Buch gekocht und hinterher zusammen gegessen. Neben einer Menge Spa\u00df wurden auch hier Geschichten erz\u00e4hlt und jeder der Anwesenden ging mit einem zufriedenen L\u00e4cheln und vollem Magen dann in das Wochenende.<\/p>\n<p>Das Kochbuch ist in der Oberschule Hilter sowie im Raiffeisenmarkt in Borgloh f\u00fcr 8,- EUR erh\u00e4ltlich. F\u00fcr den Erl\u00f6s aus dem Buchverkauf gibt es bereits schon wieder neue Ideen.<\/p>\n<p>\u00a0<\/p>\n\n\n\n<figure class=\"wp-block-gallery has-nested-images columns-default is-cropped is-style-tw-img-rounded wp-block-gallery-1 is-layout-flex wp-block-gallery-is-layout-flex\">\n<figure class=\"wp-block-image size-large\"><a href=\"https:\/\/wordpress.nibis.de\/obshilter\/files\/2022\/06\/KS2_batch-scaled.jpg\"><img loading=\"lazy\" decoding=\"async\" width=\"1200\" height=\"675\" data-id=\"3206\" src=\"https:\/\/wordpress.nibis.de\/obshilter\/files\/2022\/06\/KS2_batch-1200x675.jpg\" alt=\"\" class=\"wp-image-3206\" srcset=\"https:\/\/wordpress.nibis.de\/obshilter\/files\/2022\/06\/KS2_batch-1200x675.jpg 1200w, https:\/\/wordpress.nibis.de\/obshilter\/files\/2022\/06\/KS2_batch-850x478.jpg 850w, https:\/\/wordpress.nibis.de\/obshilter\/files\/2022\/06\/KS2_batch-250x141.jpg 250w\" sizes=\"auto, (max-width: 1200px) 100vw, 1200px\" \/><\/a><\/figure>\n\n\n\n<figure class=\"wp-block-image size-large\"><a href=\"https:\/\/wordpress.nibis.de\/obshilter\/files\/2022\/06\/KS5_batch-scaled.jpg\"><img loading=\"lazy\" decoding=\"async\" width=\"1200\" height=\"675\" data-id=\"3207\" src=\"https:\/\/wordpress.nibis.de\/obshilter\/files\/2022\/06\/KS5_batch-1200x675.jpg\" alt=\"\" class=\"wp-image-3207\" srcset=\"https:\/\/wordpress.nibis.de\/obshilter\/files\/2022\/06\/KS5_batch-1200x675.jpg 1200w, https:\/\/wordpress.nibis.de\/obshilter\/files\/2022\/06\/KS5_batch-850x478.jpg 850w, https:\/\/wordpress.nibis.de\/obshilter\/files\/2022\/06\/KS5_batch-250x141.jpg 250w\" sizes=\"auto, (max-width: 1200px) 100vw, 1200px\" \/><\/a><\/figure>\n\n\n\n<figure class=\"wp-block-image size-large\"><a href=\"https:\/\/wordpress.nibis.de\/obshilter\/files\/2022\/06\/KS3_batch-1-scaled.jpg\"><img loading=\"lazy\" decoding=\"async\" width=\"1200\" height=\"675\" data-id=\"3205\" src=\"https:\/\/wordpress.nibis.de\/obshilter\/files\/2022\/06\/KS3_batch-1-1200x675.jpg\" alt=\"\" class=\"wp-image-3205\" srcset=\"https:\/\/wordpress.nibis.de\/obshilter\/files\/2022\/06\/KS3_batch-1-1200x675.jpg 1200w, https:\/\/wordpress.nibis.de\/obshilter\/files\/2022\/06\/KS3_batch-1-850x478.jpg 850w, https:\/\/wordpress.nibis.de\/obshilter\/files\/2022\/06\/KS3_batch-1-250x141.jpg 250w\" sizes=\"auto, (max-width: 1200px) 100vw, 1200px\" \/><\/a><\/figure>\n<\/figure>\n","protected":false},"excerpt":{"rendered":"<p>Ein Kochbuch f\u00fcr die Oberschule Hilter \u2013 das war schon lange die Idee der engagierten Lehrerin Ludgera Sandmann&#8230;<\/p>\n","protected":false},"author":9192668,"featured_media":3204,"comment_status":"closed","ping_status":"closed","sticky":false,"template":"","format":"standard","meta":{"_acf_changed":false,"footnotes":""},"categories":[4],"tags":[],"class_list":["post-3202","post","type-post","status-publish","format-standard","has-post-thumbnail","hentry","category-news-startseite"],"acf":[],"_links":{"self":[{"href":"https:\/\/wordpress.nibis.de\/obshilter\/wp-json\/wp\/v2\/posts\/3202","targetHints":{"allow":["GET"]}}],"collection":[{"href":"https:\/\/wordpress.nibis.de\/obshilter\/wp-json\/wp\/v2\/posts"}],"about":[{"href":"https:\/\/wordpress.nibis.de\/obshilter\/wp-json\/wp\/v2\/types\/post"}],"author":[{"embeddable":true,"href":"https:\/\/wordpress.nibis.de\/obshilter\/wp-json\/wp\/v2\/users\/9192668"}],"replies":[{"embeddable":true,"href":"https:\/\/wordpress.nibis.de\/obshilter\/wp-json\/wp\/v2\/comments?post=3202"}],"version-history":[{"count":3,"href":"https:\/\/wordpress.nibis.de\/obshilter\/wp-json\/wp\/v2\/posts\/3202\/revisions"}],"predecessor-version":[{"id":3210,"href":"https:\/\/wordpress.nibis.de\/obshilter\/wp-json\/wp\/v2\/posts\/3202\/revisions\/3210"}],"wp:featuredmedia":[{"embeddable":true,"href":"https:\/\/wordpress.nibis.de\/obshilter\/wp-json\/wp\/v2\/media\/3204"}],"wp:attachment":[{"href":"https:\/\/wordpress.nibis.de\/obshilter\/wp-json\/wp\/v2\/media?parent=3202"}],"wp:term":[{"taxonomy":"category","embeddable":true,"href":"https:\/\/wordpress.nibis.de\/obshilter\/wp-json\/wp\/v2\/categories?post=3202"},{"taxonomy":"post_tag","embeddable":true,"href":"https:\/\/wordpress.nibis.de\/obshilter\/wp-json\/wp\/v2\/tags?post=3202"}],"curies":[{"name":"wp","href":"https:\/\/api.w.org\/{rel}","templated":true}]}}