{"id":3225,"date":"2022-06-27T15:15:12","date_gmt":"2022-06-27T13:15:12","guid":{"rendered":"https:\/\/wordpress.nibis.de\/obshilter\/?p=3225"},"modified":"2022-06-27T15:15:35","modified_gmt":"2022-06-27T13:15:35","slug":"friedenszeichen-zum-geburtstag-des-landkreises-aufgestellt","status":"publish","type":"post","link":"https:\/\/wordpress.nibis.de\/obshilter\/2022\/06\/27\/friedenszeichen-zum-geburtstag-des-landkreises-aufgestellt\/","title":{"rendered":"<strong>Friedenszeichen zum Geburtstag des Landkreises aufgestellt<\/strong>"},"content":{"rendered":"\n<p>Im Jahre 9 n.Chr. wurde ein r\u00f6misches Heer in einer gro\u00dfen Schlacht von germanischen Kriegern vernichtend geschlagen. Diese tragische Niederlage ereignete sich bei Bramsche -Kalkriese und ging als Varusschlacht in die Geschichte ein.<\/p>\n\n\n\n<p>2009 haben \u00fcber 10 000 B\u00fcrgerinnen und B\u00fcrger aus dem Osnabr\u00fccker Land anl\u00e4sslich des Gedenkjahres zur Varusschlacht 2.000 Friedenszeichen gestaltet, die ein Zeichen f\u00fcr eine bunte und friedliche Welt setzen sollten. Noch heute zieren zahlreiche Friedenszeichen private sowie \u00f6ffentliche Grundst\u00fccke im Osnabr\u00fccker Land und weit dar\u00fcber hinaus und senden ihre friedliche Botschaft.<\/p>\n\n\n\n<p>Das Gestaltungskonzept f\u00fcr die Friedenszeichen stammt vom Osnabr\u00fccker K\u00fcnstler Volker Johannes trieb. Die Stelen aus Holz und Metall sind dem Erscheinungsbild r\u00f6mischer Feldzeichen nachempfunden und tragen vergr\u00f6\u00dferte Nachbildungen der in Kalkriese gefundenen r\u00f6mischen Reitermaske.<\/p>\n\n\n\n<p>Von Sch\u00fclerinnen und Sch\u00fclern wurden 4 Friedenszeichen zum diesj\u00e4hrigen Jubil\u00e4um des Landkreises unter dem Motto \u201e50 Jahre gemeinsam f\u00fcr den Landkreis Osnabr\u00fcck\u201c gestaltet und jetzt vor dem Eingang zum Sitzungsbereich des Kreishauses am Sch\u00f6lerberg aufgestellt. Im Jahr 1972, somit vor 50 Jahren, entstand aufgrund einer nieders\u00e4chsischen Gebiets- und Verwaltungsreform aus den Kreisen Bersenbr\u00fcck, Melle, Osnabr\u00fcck und Wittlage der Landkreis Osnabr\u00fcck in seiner heutigen Form.<\/p>\n\n\n\n<p>Kreisrat Matthias Selle sprach den Vertretungen der Schulen Anerkennung und Respekt f\u00fcr das Geleistete aus. \u201eIch freue mich, dass mit den Stelen nun 4 Friedenszeichen vor dem Eingang zum Sitzungsbereich des Kreishauses stehen, die zugleich an das 50j\u00e4hrige Bestehen des Landkreiseses Osnabr\u00fcck erinnern\u201c, so Selle bei der Begr\u00fc\u00dfung der G\u00e4ste.<\/p>\n\n\n\n<p>Initiiert hat das Kunst-Projekt das Kulturb\u00fcro des Landkreises, die Durchf\u00fchrung \u00fcbernahm das Museum zur Varusschlacht. Die Stelen wurden gestaltet von der Freien Waldorfschule Evinghausen f\u00fcr den Altkreis Bersenbr\u00fcck, vom Gymnasium Melle f\u00fcr den Altkreis Melle, von der Oberschule Hilter aTW f\u00fcr den Altkreis Osnabr\u00fcck und von der Ludwig-Windthorst-Schule Ostercappeln f\u00fcr den Altkreis Wittlage.<\/p>\n\n\n\n<p><strong>Bildunterschrift<\/strong><\/p>\n\n\n\n<p>Zum 50j\u00e4hrigen Bestehen \u00fcberreichten Schulen aus dem Kreisgebiet dem Landkreis Osnabr\u00fcck vier Friedenszeichen. Ingo Petri vom Museum und Park Kalkriese, Burkhard Fromme vom Kulturb\u00fcro und Kreisrat Matthias Selle bedankten sich f\u00fcr die k\u00fcnstlerisch kreativ gestalteten Stelen beim Aufstellen am Kreishaus.&nbsp;<\/p>\n\n\n\n<p>Foto: Landkreis Osnabr\u00fcck, Henning M\u00fcller-Detert<\/p>\n","protected":false},"excerpt":{"rendered":"<p>Im Jahre 9 n.Chr. wurde ein r\u00f6misches Heer in einer gro\u00dfen Schlacht von germanischen Kriegern vernichtend geschlagen. Diese tragische Niederlage&#8230;<\/p>\n","protected":false},"author":9192668,"featured_media":3226,"comment_status":"closed","ping_status":"closed","sticky":false,"template":"","format":"standard","meta":{"_acf_changed":false,"footnotes":""},"categories":[4],"tags":[],"class_list":["post-3225","post","type-post","status-publish","format-standard","has-post-thumbnail","hentry","category-news-startseite"],"acf":[],"_links":{"self":[{"href":"https:\/\/wordpress.nibis.de\/obshilter\/wp-json\/wp\/v2\/posts\/3225","targetHints":{"allow":["GET"]}}],"collection":[{"href":"https:\/\/wordpress.nibis.de\/obshilter\/wp-json\/wp\/v2\/posts"}],"about":[{"href":"https:\/\/wordpress.nibis.de\/obshilter\/wp-json\/wp\/v2\/types\/post"}],"author":[{"embeddable":true,"href":"https:\/\/wordpress.nibis.de\/obshilter\/wp-json\/wp\/v2\/users\/9192668"}],"replies":[{"embeddable":true,"href":"https:\/\/wordpress.nibis.de\/obshilter\/wp-json\/wp\/v2\/comments?post=3225"}],"version-history":[{"count":2,"href":"https:\/\/wordpress.nibis.de\/obshilter\/wp-json\/wp\/v2\/posts\/3225\/revisions"}],"predecessor-version":[{"id":3228,"href":"https:\/\/wordpress.nibis.de\/obshilter\/wp-json\/wp\/v2\/posts\/3225\/revisions\/3228"}],"wp:featuredmedia":[{"embeddable":true,"href":"https:\/\/wordpress.nibis.de\/obshilter\/wp-json\/wp\/v2\/media\/3226"}],"wp:attachment":[{"href":"https:\/\/wordpress.nibis.de\/obshilter\/wp-json\/wp\/v2\/media?parent=3225"}],"wp:term":[{"taxonomy":"category","embeddable":true,"href":"https:\/\/wordpress.nibis.de\/obshilter\/wp-json\/wp\/v2\/categories?post=3225"},{"taxonomy":"post_tag","embeddable":true,"href":"https:\/\/wordpress.nibis.de\/obshilter\/wp-json\/wp\/v2\/tags?post=3225"}],"curies":[{"name":"wp","href":"https:\/\/api.w.org\/{rel}","templated":true}]}}