{"id":3273,"date":"2022-08-31T10:12:10","date_gmt":"2022-08-31T08:12:10","guid":{"rendered":"https:\/\/wordpress.nibis.de\/obshilter\/?p=3273"},"modified":"2022-08-31T10:12:13","modified_gmt":"2022-08-31T08:12:13","slug":"die-grossen-aus-der-grundschule-sind-wieder-die-kleinen","status":"publish","type":"post","link":"https:\/\/wordpress.nibis.de\/obshilter\/2022\/08\/31\/die-grossen-aus-der-grundschule-sind-wieder-die-kleinen\/","title":{"rendered":"<strong>Die Gro\u00dfen aus der Grundschule sind wieder die Kleinen<\/strong>"},"content":{"rendered":"\n<p>Am 26.08.2022 wurden unsere neuen F\u00fcnftkl\u00e4ssler eingeschult. Zu Beginn stellte sich die Schulleiterin mit einer kurzen Pr\u00e4sentation vor. Es folgte das Minimusical \u201aSchule der Tr\u00e4ume\u2018 unter der Leitung von Britta Kuper von dem WPK Musical des 7. Jahrgangs. Die Darsteller*innen waren sehr aufgeregt, denn einige Passagen mussten auch gesungen werden. Im Musical zeigte sich, was sich die Kinder wirklich w\u00fcnschen, nette Lehrer*innen, z.B. Malen und Lesen, Sport treiben, \u201ealles das, was bei uns unterrichtet wird\u201c, betonte die Schulleiterin Ute Haehnel. Nach der Einf\u00fchrung stellten sich die Paten aus der 8. Klasse den neuen Sch\u00fcler*innen vor und \u00fcberreichten ihnen eine Karte mit ihrem Foto und ein kleines selbstgebasteltes Geschenk. Alle wurden im Anschluss gemeinsam fotografiert. Die Paten begleiteten die F\u00fcnftkl\u00e4ssler in ihre Klasse, in der die erste Unterrichtsstunde stattfand. Die Eltern erhielten noch ein paar Informationen, bevor sie sich bei selbstgebackenen Muffins und Kaffee, vorbereitet durch die Sch\u00fclerfirma Kiosk 2.0, st\u00e4rken durften.<\/p>\n\n\n\n<figure class=\"wp-block-gallery has-nested-images columns-default is-cropped is-style-tw-img-rounded wp-block-gallery-1 is-layout-flex wp-block-gallery-is-layout-flex\">\n<figure class=\"wp-block-image size-large\"><img loading=\"lazy\" decoding=\"async\" width=\"1200\" height=\"675\" data-id=\"3275\" src=\"https:\/\/wordpress.nibis.de\/obshilter\/files\/2022\/08\/Einschulung-2022-06-1200x675.jpg\" alt=\"\" class=\"wp-image-3275\" srcset=\"https:\/\/wordpress.nibis.de\/obshilter\/files\/2022\/08\/Einschulung-2022-06-1200x675.jpg 1200w, https:\/\/wordpress.nibis.de\/obshilter\/files\/2022\/08\/Einschulung-2022-06-850x478.jpg 850w, https:\/\/wordpress.nibis.de\/obshilter\/files\/2022\/08\/Einschulung-2022-06-250x141.jpg 250w\" sizes=\"auto, (max-width: 1200px) 100vw, 1200px\" \/><\/figure>\n\n\n\n<figure class=\"wp-block-image size-large\"><img loading=\"lazy\" decoding=\"async\" width=\"1200\" height=\"675\" data-id=\"3277\" src=\"https:\/\/wordpress.nibis.de\/obshilter\/files\/2022\/08\/Einschulung-2022-17-1200x675.jpg\" alt=\"\" class=\"wp-image-3277\" srcset=\"https:\/\/wordpress.nibis.de\/obshilter\/files\/2022\/08\/Einschulung-2022-17-1200x675.jpg 1200w, https:\/\/wordpress.nibis.de\/obshilter\/files\/2022\/08\/Einschulung-2022-17-850x478.jpg 850w, https:\/\/wordpress.nibis.de\/obshilter\/files\/2022\/08\/Einschulung-2022-17-250x141.jpg 250w\" sizes=\"auto, (max-width: 1200px) 100vw, 1200px\" \/><\/figure>\n\n\n\n<figure class=\"wp-block-image size-large\"><img loading=\"lazy\" decoding=\"async\" width=\"1200\" height=\"675\" data-id=\"3276\" src=\"https:\/\/wordpress.nibis.de\/obshilter\/files\/2022\/08\/Einschulung-2022-07-1200x675.jpg\" alt=\"\" class=\"wp-image-3276\" srcset=\"https:\/\/wordpress.nibis.de\/obshilter\/files\/2022\/08\/Einschulung-2022-07-1200x675.jpg 1200w, https:\/\/wordpress.nibis.de\/obshilter\/files\/2022\/08\/Einschulung-2022-07-850x478.jpg 850w, https:\/\/wordpress.nibis.de\/obshilter\/files\/2022\/08\/Einschulung-2022-07-250x141.jpg 250w\" sizes=\"auto, (max-width: 1200px) 100vw, 1200px\" \/><\/figure>\n<\/figure>\n","protected":false},"excerpt":{"rendered":"<p>Am 26.08.2022 wurden unsere neuen F\u00fcnftkl\u00e4ssler eingeschult. Zu Beginn stellte sich die Schulleiterin mit einer kurzen Pr\u00e4sentation vor.<\/p>\n","protected":false},"author":9192668,"featured_media":3274,"comment_status":"closed","ping_status":"closed","sticky":false,"template":"","format":"standard","meta":{"_acf_changed":false,"footnotes":""},"categories":[4],"tags":[],"class_list":["post-3273","post","type-post","status-publish","format-standard","has-post-thumbnail","hentry","category-news-startseite"],"acf":[],"_links":{"self":[{"href":"https:\/\/wordpress.nibis.de\/obshilter\/wp-json\/wp\/v2\/posts\/3273","targetHints":{"allow":["GET"]}}],"collection":[{"href":"https:\/\/wordpress.nibis.de\/obshilter\/wp-json\/wp\/v2\/posts"}],"about":[{"href":"https:\/\/wordpress.nibis.de\/obshilter\/wp-json\/wp\/v2\/types\/post"}],"author":[{"embeddable":true,"href":"https:\/\/wordpress.nibis.de\/obshilter\/wp-json\/wp\/v2\/users\/9192668"}],"replies":[{"embeddable":true,"href":"https:\/\/wordpress.nibis.de\/obshilter\/wp-json\/wp\/v2\/comments?post=3273"}],"version-history":[{"count":2,"href":"https:\/\/wordpress.nibis.de\/obshilter\/wp-json\/wp\/v2\/posts\/3273\/revisions"}],"predecessor-version":[{"id":4487,"href":"https:\/\/wordpress.nibis.de\/obshilter\/wp-json\/wp\/v2\/posts\/3273\/revisions\/4487"}],"wp:featuredmedia":[{"embeddable":true,"href":"https:\/\/wordpress.nibis.de\/obshilter\/wp-json\/wp\/v2\/media\/3274"}],"wp:attachment":[{"href":"https:\/\/wordpress.nibis.de\/obshilter\/wp-json\/wp\/v2\/media?parent=3273"}],"wp:term":[{"taxonomy":"category","embeddable":true,"href":"https:\/\/wordpress.nibis.de\/obshilter\/wp-json\/wp\/v2\/categories?post=3273"},{"taxonomy":"post_tag","embeddable":true,"href":"https:\/\/wordpress.nibis.de\/obshilter\/wp-json\/wp\/v2\/tags?post=3273"}],"curies":[{"name":"wp","href":"https:\/\/api.w.org\/{rel}","templated":true}]}}