{"id":3282,"date":"2022-09-07T15:04:08","date_gmt":"2022-09-07T13:04:08","guid":{"rendered":"https:\/\/wordpress.nibis.de\/obshilter\/?p=3282"},"modified":"2022-09-07T15:04:11","modified_gmt":"2022-09-07T13:04:11","slug":"einschulungsgottesdienst-der-fuenftklaessler","status":"publish","type":"post","link":"https:\/\/wordpress.nibis.de\/obshilter\/2022\/09\/07\/einschulungsgottesdienst-der-fuenftklaessler\/","title":{"rendered":"Einschulungsgottesdienst der F\u00fcnftkl\u00e4ssler"},"content":{"rendered":"\n<p>Nach einem aufregendem Einschulungstag hatten die neuen Sch\u00fclerinnen zun\u00e4chst einige Tage nur\u00a0 mit ihren Klassenlehrerinnen Unterricht. Es war viel Zeit zum gegenseitigen Kennenlernen- auch das Schulgeb\u00e4ude wurde mit einer Rallye erkundet. Am Mittwoch der ersten Schulwoche startete die Klasse in Begleitung der Klassenleitung und Religionslehrerin einen kurzen Fu\u00dfmarsch in die St. Pankratiuskirche zum Einschulungsgottesdienst.<\/p>\n<p>\u201eWachsen\u201c war das Motto des diesj\u00e4hrigen Gottesdienstes. Gleich zu Beginn konnten sich alle beim Eingangslied \u201eEinfach spitze, dass du da bist\u201c mit Stimme und Bewegungen dem Gitarrenspiel von Herrn Meinen anschlie\u00dfen. Mit dem Gleichnis vom S\u00e4mann und dem Lied \u201eWachsen\u201c von Lina Maly wurde den Kindern deutlich, dass Wachsen durchaus auch anstrengend sein kann. Nicht alles l\u00e4uft nach Plan. Aber Mitsch\u00fcler, Eltern und Lehrkr\u00e4fte k\u00f6nnen das Wachsen wohlwollend begleiten. In den F\u00fcrbitten und dem abschlie\u00dfendem \u201eVater unser\u201c baten alle gemeinsam Gott um Unterst\u00fctzung f\u00fcr die gemeinsame Schulzeit.<\/p>\n<p>Um das Wachsen schon mal zu beobachten, bekamen alle Teilnehmer von Pastor Engler und Gemeindereferent Otte einige Sonnenblumensamen. Bei passender Pflege, kann daraus schnell eine riesige Blume werden.<\/p>\n<p>Wie gro\u00df die kleinen \u201eF\u00fcnfer\u201c dann bei der Entlassung in sechs Jahren nach der 10.Klasse wohl sein werden?- Man wird sehen\u2026 Wir sind gespannt, wie ihr euch an der neuen Schule entwickelt. Wir w\u00fcnschen euch neuen F\u00fcnfern, dass ihr mit Hilfe der ganzen Schule und begleitet von Gottes Segen, in eurem Tempo wachsen k\u00f6nnt und als dann fast schon Erwachsene die Schule verlassen werdet. Habt eine gute Zeit bei uns an der Oberschule.<\/p>\n<p>Anja Marquering<\/p>\n","protected":false},"excerpt":{"rendered":"<p>Nach einem aufregendem Einschulungstag hatten die neuen Sch\u00fclerinnen zun\u00e4chst einige Tage nur\u00a0 mit ihren Klassenlehrerinnen Unterricht&#8230;<\/p>\n","protected":false},"author":9192668,"featured_media":3283,"comment_status":"closed","ping_status":"closed","sticky":false,"template":"","format":"standard","meta":{"_acf_changed":false,"footnotes":""},"categories":[4],"tags":[],"class_list":["post-3282","post","type-post","status-publish","format-standard","has-post-thumbnail","hentry","category-news-startseite"],"acf":[],"_links":{"self":[{"href":"https:\/\/wordpress.nibis.de\/obshilter\/wp-json\/wp\/v2\/posts\/3282","targetHints":{"allow":["GET"]}}],"collection":[{"href":"https:\/\/wordpress.nibis.de\/obshilter\/wp-json\/wp\/v2\/posts"}],"about":[{"href":"https:\/\/wordpress.nibis.de\/obshilter\/wp-json\/wp\/v2\/types\/post"}],"author":[{"embeddable":true,"href":"https:\/\/wordpress.nibis.de\/obshilter\/wp-json\/wp\/v2\/users\/9192668"}],"replies":[{"embeddable":true,"href":"https:\/\/wordpress.nibis.de\/obshilter\/wp-json\/wp\/v2\/comments?post=3282"}],"version-history":[{"count":1,"href":"https:\/\/wordpress.nibis.de\/obshilter\/wp-json\/wp\/v2\/posts\/3282\/revisions"}],"predecessor-version":[{"id":3284,"href":"https:\/\/wordpress.nibis.de\/obshilter\/wp-json\/wp\/v2\/posts\/3282\/revisions\/3284"}],"wp:featuredmedia":[{"embeddable":true,"href":"https:\/\/wordpress.nibis.de\/obshilter\/wp-json\/wp\/v2\/media\/3283"}],"wp:attachment":[{"href":"https:\/\/wordpress.nibis.de\/obshilter\/wp-json\/wp\/v2\/media?parent=3282"}],"wp:term":[{"taxonomy":"category","embeddable":true,"href":"https:\/\/wordpress.nibis.de\/obshilter\/wp-json\/wp\/v2\/categories?post=3282"},{"taxonomy":"post_tag","embeddable":true,"href":"https:\/\/wordpress.nibis.de\/obshilter\/wp-json\/wp\/v2\/tags?post=3282"}],"curies":[{"name":"wp","href":"https:\/\/api.w.org\/{rel}","templated":true}]}}