{"id":3887,"date":"2023-04-18T17:34:04","date_gmt":"2023-04-18T15:34:04","guid":{"rendered":"https:\/\/wordpress.nibis.de\/obshilter\/?p=3887"},"modified":"2023-04-18T17:34:50","modified_gmt":"2023-04-18T15:34:50","slug":"schnuppertage-fuer-grundschuelerinnen","status":"publish","type":"post","link":"https:\/\/wordpress.nibis.de\/obshilter\/2023\/04\/18\/schnuppertage-fuer-grundschuelerinnen\/","title":{"rendered":"Schnuppertage f\u00fcr Grundsch\u00fcler*innen"},"content":{"rendered":"\n<p>Am Dienstag und Mittwoch, den 21. und 22.04.2023, liefen bei uns in der Oberschule eine Menge \u201emerkw\u00fcrdiger\u201c kleiner Gestalten durch die Flure und Klassenr\u00e4ume. Sie waren deutlich kleiner als die Sch\u00fcler*innen auf unserer Schule und haben zwei Stunden lang \u00fcberall \u201eherumgeschnuppert.\u201c<\/p>\n<p>Die kleinen Besucher kamen aus den umliegenden Grundschulen, denn es fanden die j\u00e4hrlichen Schnuppertage statt. An diesen Tagen k\u00f6nnen die Kinder der Grundschulen unsere Schule kennenlernen und sich verschiedene Bereiche des Unterrichtes schon einmal anschauen.<\/p>\n<p>Gestartet wurde morgens mit einem gesunden Fr\u00fchst\u00fcck, vorbereitet von unserer Sch\u00fclerfirma. \u00a0Dort wurden zun\u00e4chst alle Schnupperkinder von der Schulleitung begr\u00fc\u00dft. Danach ging es gest\u00e4rkt zu vier unterschiedlichen Stationen. Im Fach Informatik konnte die nachgebaute Schule in \u201eMinecraft Education\u201c bestaunt und erkundet werden. Frau Wolther und Herr R\u00f6wekamp stellten kurz den iPad Unterricht an der Schule vor. Da nur zuh\u00f6ren auch etwas langweilig ist, haben die Grundsch\u00fcler*innen danach noch ein Quiz an den iPads mit Unterst\u00fctzung einiger Sch\u00fcler*innen aus den neunten Klassen durchgef\u00fchrt. An den anderen beiden Stationen wurden die F\u00e4cher Biologie und Franz\u00f6sisch pr\u00e4sentiert. Zwischendurch konnten die Grundsch\u00fcler*innen sich auch kurz in der gro\u00dfen Pause auf dem Schulhof austoben und sich schonmal etwas daran gew\u00f6hnen, wie es ist, mit den Gro\u00dfen aus Jahrgang neun oder zehn zusammen Pause zu haben.<\/p>\n<p>Am Ende der Schnuppertage verlie\u00dfen viele gut gelaunte Grundsch\u00fcler*innen unsere Oberschule. Mal schauen, wen wir davon im Sommer bei uns an der Schule wiedertreffen.<\/p>\n<p>\u00a0<\/p>\n\n\n\n<figure class=\"wp-block-gallery has-nested-images columns-default is-cropped is-style-tw-img-rounded wp-block-gallery-1 is-layout-flex wp-block-gallery-is-layout-flex\">\n<figure class=\"wp-block-image size-large\"><img loading=\"lazy\" decoding=\"async\" width=\"1200\" height=\"675\" data-id=\"3890\" src=\"https:\/\/wordpress.nibis.de\/obshilter\/files\/2023\/04\/DSC_0728-1200x675.jpg\" alt=\"\" class=\"wp-image-3890\" srcset=\"https:\/\/wordpress.nibis.de\/obshilter\/files\/2023\/04\/DSC_0728-1200x675.jpg 1200w, https:\/\/wordpress.nibis.de\/obshilter\/files\/2023\/04\/DSC_0728-850x478.jpg 850w, https:\/\/wordpress.nibis.de\/obshilter\/files\/2023\/04\/DSC_0728-250x141.jpg 250w\" sizes=\"auto, (max-width: 1200px) 100vw, 1200px\" \/><\/figure>\n\n\n\n<figure class=\"wp-block-image size-large\"><img loading=\"lazy\" decoding=\"async\" width=\"1200\" height=\"675\" data-id=\"3891\" src=\"https:\/\/wordpress.nibis.de\/obshilter\/files\/2023\/04\/DSC_0760-1200x675.jpg\" alt=\"\" class=\"wp-image-3891\" srcset=\"https:\/\/wordpress.nibis.de\/obshilter\/files\/2023\/04\/DSC_0760-1200x675.jpg 1200w, https:\/\/wordpress.nibis.de\/obshilter\/files\/2023\/04\/DSC_0760-850x478.jpg 850w, https:\/\/wordpress.nibis.de\/obshilter\/files\/2023\/04\/DSC_0760-250x141.jpg 250w\" sizes=\"auto, (max-width: 1200px) 100vw, 1200px\" \/><\/figure>\n\n\n\n<figure class=\"wp-block-image size-large\"><img loading=\"lazy\" decoding=\"async\" width=\"2560\" height=\"1714\" data-id=\"3888\" src=\"https:\/\/wordpress.nibis.de\/obshilter\/files\/2023\/04\/DSC_0756-scaled.jpg\" alt=\"\" class=\"wp-image-3888\" srcset=\"https:\/\/wordpress.nibis.de\/obshilter\/files\/2023\/04\/DSC_0756-scaled.jpg 2560w, https:\/\/wordpress.nibis.de\/obshilter\/files\/2023\/04\/DSC_0756-768x514.jpg 768w, https:\/\/wordpress.nibis.de\/obshilter\/files\/2023\/04\/DSC_0756-1536x1028.jpg 1536w, https:\/\/wordpress.nibis.de\/obshilter\/files\/2023\/04\/DSC_0756-2048x1371.jpg 2048w, https:\/\/wordpress.nibis.de\/obshilter\/files\/2023\/04\/DSC_0756-403x270.jpg 403w\" sizes=\"auto, (max-width: 2560px) 100vw, 2560px\" \/><\/figure>\n<\/figure>\n","protected":false},"excerpt":{"rendered":"<p>Am Dienstag und Mittwoch, den 21. und 22.04.2023, liefen bei uns in der Oberschule eine Menge \u201emerkw\u00fcrdiger\u201c kleiner Gestalten durch die Flure und Klassenr\u00e4ume.<\/p>\n","protected":false},"author":9192668,"featured_media":3889,"comment_status":"closed","ping_status":"closed","sticky":false,"template":"","format":"standard","meta":{"_acf_changed":false,"footnotes":""},"categories":[4],"tags":[],"class_list":["post-3887","post","type-post","status-publish","format-standard","has-post-thumbnail","hentry","category-news-startseite"],"acf":[],"_links":{"self":[{"href":"https:\/\/wordpress.nibis.de\/obshilter\/wp-json\/wp\/v2\/posts\/3887","targetHints":{"allow":["GET"]}}],"collection":[{"href":"https:\/\/wordpress.nibis.de\/obshilter\/wp-json\/wp\/v2\/posts"}],"about":[{"href":"https:\/\/wordpress.nibis.de\/obshilter\/wp-json\/wp\/v2\/types\/post"}],"author":[{"embeddable":true,"href":"https:\/\/wordpress.nibis.de\/obshilter\/wp-json\/wp\/v2\/users\/9192668"}],"replies":[{"embeddable":true,"href":"https:\/\/wordpress.nibis.de\/obshilter\/wp-json\/wp\/v2\/comments?post=3887"}],"version-history":[{"count":2,"href":"https:\/\/wordpress.nibis.de\/obshilter\/wp-json\/wp\/v2\/posts\/3887\/revisions"}],"predecessor-version":[{"id":3893,"href":"https:\/\/wordpress.nibis.de\/obshilter\/wp-json\/wp\/v2\/posts\/3887\/revisions\/3893"}],"wp:featuredmedia":[{"embeddable":true,"href":"https:\/\/wordpress.nibis.de\/obshilter\/wp-json\/wp\/v2\/media\/3889"}],"wp:attachment":[{"href":"https:\/\/wordpress.nibis.de\/obshilter\/wp-json\/wp\/v2\/media?parent=3887"}],"wp:term":[{"taxonomy":"category","embeddable":true,"href":"https:\/\/wordpress.nibis.de\/obshilter\/wp-json\/wp\/v2\/categories?post=3887"},{"taxonomy":"post_tag","embeddable":true,"href":"https:\/\/wordpress.nibis.de\/obshilter\/wp-json\/wp\/v2\/tags?post=3887"}],"curies":[{"name":"wp","href":"https:\/\/api.w.org\/{rel}","templated":true}]}}